{"id":18178,"date":"2016-02-12T08:15:28","date_gmt":"2016-02-12T10:15:28","guid":{"rendered":"http:\/\/www.sincomam.org.br\/?p=18178"},"modified":"2016-02-12T08:15:28","modified_gmt":"2016-02-12T10:15:28","slug":"juros-sobem-e-atingem-maior-nivel-em-11-anos-diz-anefac","status":"publish","type":"post","link":"https:\/\/www.sincomam.org.br\/index.php\/juros-sobem-e-atingem-maior-nivel-em-11-anos-diz-anefac\/","title":{"rendered":"Juros sobem e atingem maior n\u00edvel em 11 anos, diz Anefac"},"content":{"rendered":"<p>As taxas de juros<a href=\"http:\/\/www.exame.com.br\/topicos\/taxas\"><strong>\u00a0<\/strong><\/a>das opera\u00e7\u00f5es de cr\u00e9dito para pessoas f\u00edsicas e jur\u00eddicas subiram em janeiro pelo 16\u00ba m\u00eas consecutivo e atingiram o maior n\u00edvel desde fevereiro de 2005, segundo pesquisa da Associa\u00e7\u00e3o Nacional dos Executivos de Finan\u00e7as, Administra\u00e7\u00e3o e Contabilidade (Anefac).<\/p>\n<p>No caso das pessoas f\u00edsicas, mais uma vez houve aumento nos juros em todas as seis linhas pesquisadas (juros do com\u00e9rcio, cart\u00e3o de cr\u00e9dito rotativo, cheque especial, CDC-bancos-financiamento de ve\u00edculos, empr\u00e9stimo pessoal-bancos e empr\u00e9stimo pessoal-financeiras).<\/p>\n<p>O juro m\u00e9dio subiu 0,11 ponto porcentual (pp) em janeiro ante dezembro, para 7,67% ao m\u00eas (142,74% ao ano), igualmente o n\u00edvel mais alto em 11 anos.<\/p>\n<p>No cart\u00e3o de cr\u00e9dito, a taxa subiu 0,21 pp, para 14,56% ao m\u00eas (410,97% ao ano) em janeiro, permanecendo no maior n\u00edvel desde outubro de 1995.<\/p>\n<p>Em rela\u00e7\u00e3o aos juros do com\u00e9rcio (credi\u00e1rio), houve alta em todos os 12 tipos de lojas pesquisadas, com a m\u00e9dia geral subindo 0,10 pp, para 5,60% ao m\u00eas (92,29% ao ano).<\/p>\n<p>A taxa mais alta foi registrada em Minas Gerais, com 5,71% ao m\u00eas (94,71% ao ano). Nos financiamentos de ve\u00edculos, o prazo m\u00e9dio se manteve em 36 meses.<\/p>\n<p>Entre as pessoas jur\u00eddicas, houve alta nas tr\u00eas linhas (capital de giro, desconto de duplicatas e conta garantida). O juro m\u00e9dio avan\u00e7ou 0,06 pp no m\u00eas passado ante o anterior, para 4,33% ao m\u00eas (66,31% ao ano), o maior n\u00edvel desde fevereiro de 2009.<\/p>\n<p>No caso da conta garantida, a taxa subiu 0,10 pp, para 7,40% ao m\u00eas (135,53% ao ano), a taxa mais alta desde setembro de 1999.<\/p>\n<p>Segundo a Anefac, as altas podem ser atribu\u00eddas a alguns fatores, como o cen\u00e1rio macroecon\u00f4mico que aumenta o risco de eleva\u00e7\u00e3o da inadimpl\u00eancia e o avan\u00e7o das taxas de juros futuros por conta da turbul\u00eancia pol\u00edtica e econ\u00f4mica.<\/p>\n<p>&#8220;A tend\u00eancia \u00e9 de que as taxas de juros das opera\u00e7\u00f5es de cr\u00e9dito voltem a ser elevadas nos pr\u00f3ximos meses&#8221;, diz a entidade.<\/p>\n<p>A Anefac lembra que, considerando todas as eleva\u00e7\u00f5es da Selic promovidas pelo Banco Central\u00a0desde mar\u00e7o de 2013, houve aumento de 7,00 pontos percentuais (ou alta de 96,55%) na taxa b\u00e1sica de juros, para o n\u00edvel atual de 14,25%.<\/p>\n<p>No mesmo per\u00edodo, a taxa de juros m\u00e9dia para pessoa f\u00edsica apresentou eleva\u00e7\u00e3o de 54,77 pp (+62,26%). J\u00e1 na pessoa jur\u00eddica houve alta de 22,73 pp (+52,16%).<\/p>\n<p>Fonte: Seu Dinheiro<\/p>\n","protected":false},"excerpt":{"rendered":"<p>As taxas de juros\u00a0das opera\u00e7\u00f5es de cr\u00e9dito para pessoas f\u00edsicas e jur\u00eddicas subiram em janeiro pelo 16\u00ba m\u00eas consecutivo e atingiram o maior n\u00edvel desde&#8230;<\/p>\n","protected":false},"author":1182,"featured_media":18179,"comment_status":"closed","ping_status":"closed","sticky":false,"template":"","format":"standard","meta":{"footnotes":""},"categories":[6],"tags":[],"class_list":["post-18178","post","type-post","status-publish","format-standard","has-post-thumbnail","hentry","category-noticias"],"_links":{"self":[{"href":"https:\/\/www.sincomam.org.br\/index.php\/wp-json\/wp\/v2\/posts\/18178","targetHints":{"allow":["GET"]}}],"collection":[{"href":"https:\/\/www.sincomam.org.br\/index.php\/wp-json\/wp\/v2\/posts"}],"about":[{"href":"https:\/\/www.sincomam.org.br\/index.php\/wp-json\/wp\/v2\/types\/post"}],"author":[{"embeddable":true,"href":"https:\/\/www.sincomam.org.br\/index.php\/wp-json\/wp\/v2\/users\/1182"}],"replies":[{"embeddable":true,"href":"https:\/\/www.sincomam.org.br\/index.php\/wp-json\/wp\/v2\/comments?post=18178"}],"version-history":[{"count":1,"href":"https:\/\/www.sincomam.org.br\/index.php\/wp-json\/wp\/v2\/posts\/18178\/revisions"}],"predecessor-version":[{"id":18180,"href":"https:\/\/www.sincomam.org.br\/index.php\/wp-json\/wp\/v2\/posts\/18178\/revisions\/18180"}],"wp:featuredmedia":[{"embeddable":true,"href":"https:\/\/www.sincomam.org.br\/index.php\/wp-json\/wp\/v2\/media\/18179"}],"wp:attachment":[{"href":"https:\/\/www.sincomam.org.br\/index.php\/wp-json\/wp\/v2\/media?parent=18178"}],"wp:term":[{"taxonomy":"category","embeddable":true,"href":"https:\/\/www.sincomam.org.br\/index.php\/wp-json\/wp\/v2\/categories?post=18178"},{"taxonomy":"post_tag","embeddable":true,"href":"https:\/\/www.sincomam.org.br\/index.php\/wp-json\/wp\/v2\/tags?post=18178"}],"curies":[{"name":"wp","href":"https:\/\/api.w.org\/{rel}","templated":true}]}}