{"id":18171,"date":"2016-02-11T00:51:21","date_gmt":"2016-02-11T02:51:21","guid":{"rendered":"http:\/\/www.sincomam.org.br\/?p=18171"},"modified":"2016-02-10T10:53:36","modified_gmt":"2016-02-10T12:53:36","slug":"credito-consignado-para-o-setor-privado-recua-pela-primeira-vez","status":"publish","type":"post","link":"https:\/\/www.sincomam.org.br\/index.php\/credito-consignado-para-o-setor-privado-recua-pela-primeira-vez\/","title":{"rendered":"Cr\u00e9dito consignado para o setor privado recua pela primeira vez"},"content":{"rendered":"<p>O cr\u00e9dito consignado para trabalhadores do setor privado encolheu em 2015, algo que nunca havia ocorrido nessa linha de financiamento criada em 2004. A queda ocorreu justamente no ano em que entrou em vigor uma lei que deveria incentivar e dar mais seguran\u00e7a jur\u00eddica a esse tipo de opera\u00e7\u00e3o.<\/p>\n<p>Segundo o BC, o saldo dessas opera\u00e7\u00f5es recuou 2% no ano passado (13%, considerando a infla\u00e7\u00e3o pelo IPCA do per\u00edodo). A taxa m\u00e9dia de juros subiu 7,4 pontos percentuais, para 41,3% ao ano.<\/p>\n<p>Para funcion\u00e1rios p\u00fablicos e benefici\u00e1rios do INSS, o aumento foi inferior a tr\u00eas pontos percentuais.<\/p>\n<p>J\u00e1 a inadimpl\u00eancia aumentou de 5% para 5,9% na linha para o setor privado. \u00c9 praticamente o triplo dos atrasos verificados no consignado para servidores e aposentados, cuja taxa ficou praticamente est\u00e1vel.<\/p>\n<p>Em agosto de 2014, o governo promoveu altera\u00e7\u00f5es no consignado para trabalhadores do setor privado por meio de uma medida provis\u00f3ria que se tornou lei em janeiro do ano seguinte.<\/p>\n<p>A norma deixou claro, por exemplo, que h\u00e1 desconto em cima de verbas rescis\u00f3rias, quest\u00e3o sobre a qual havia questionamentos jur\u00eddicos.<\/p>\n<p>Al\u00e9m disso, o empregador passou a ser respons\u00e1vel pelo repasse da presta\u00e7\u00e3o ao banco que emprestou. A medida tornou a linha mais atrativa para os bancos, mas pode ter desestimulado empregadores a fecharem conv\u00eanios, pois eles se tornaram avalistas de parte dos empr\u00e9stimos, diz Reinaldo Domingos, presidente da Abefin (Associa\u00e7\u00e3o Brasileira de Educadores Financeiros).<\/p>\n<p>O empregador n\u00e3o \u00e9 correspons\u00e1vel pelo pagamento dos empr\u00e9stimos, a n\u00e3o ser que isso esteja previsto no contrato por exig\u00eancia dos bancos. Mas a empresa poder\u00e1 responder como devedor principal e solid\u00e1rio perante a institui\u00e7\u00e3o financeira se o dinheiro n\u00e3o for repassado, por exemplo, por alguma falha do seu sistema, como atraso no pagamento.<\/p>\n<p>Se o contrato firmado com o banco tiver a previs\u00e3o de corresponsabilidade da empresa com as opera\u00e7\u00f5es financeiras, a companhia poder\u00e1 ser acionada para pagar presta\u00e7\u00f5es em aberto de empr\u00e9stimos em caso de demiss\u00e3o do funcion\u00e1rio.<\/p>\n<p>Para Domingos, todas as mudan\u00e7as propostas pelo governo t\u00eam sido sempre com o objetivo de dar mais seguran\u00e7a aos bancos, em detrimento dos demais envolvidos.<\/p>\n<p>Para tentar estimular esse mercado, o governo prop\u00f4s no final de janeiro uma nova mudan\u00e7a no consignado, para permitir que trabalhadores com carteira assinada utilizem a multa por demiss\u00e3o de 40% do FGTS e outros 10% do saldo da sua conta no fundo como garantia.<\/p>\n<p>Estudo divulgado pelo Minist\u00e9rio da Fazenda mostra que, se 10% dos trabalhadores utilizarem essas garantias, o potencial de novas opera\u00e7\u00f5es pode chegar a R$ 17 bilh\u00f5es, o dobro das concess\u00f5es em 2015. O governo tamb\u00e9m espera que as taxas de juros caiam, pois o aumento das garantias reduz o risco de inadimpl\u00eancia.<\/p>\n<p>As novas mudan\u00e7as dependem de aprova\u00e7\u00e3o no Congresso e regulamenta\u00e7\u00e3o pelo conselho do FGTS.<\/p>\n<p>O presidente da Abefin \u00e9 contra o uso do FGTS, pois o trabalhador demitido, al\u00e9m de perder parte da rescis\u00e3o contratual para o banco, ficar\u00e1 sem a multa e parte do saldo no fundo. Diz ainda que a linha pode ser uma op\u00e7\u00e3o para quem tem d\u00edvida no cheque especial e cart\u00e3o de cr\u00e9dito, mas n\u00e3o resolve problemas de superendividamento.<\/p>\n<p>Fonte: Folha de S\u00e3o Paulo<\/p>\n","protected":false},"excerpt":{"rendered":"<p>O cr\u00e9dito consignado para trabalhadores do setor privado encolheu em 2015, algo que nunca havia ocorrido nessa linha de financiamento criada em 2004. A queda&#8230;<\/p>\n","protected":false},"author":1182,"featured_media":17824,"comment_status":"closed","ping_status":"closed","sticky":false,"template":"","format":"standard","meta":{"footnotes":""},"categories":[6],"tags":[],"class_list":["post-18171","post","type-post","status-publish","format-standard","has-post-thumbnail","hentry","category-noticias"],"_links":{"self":[{"href":"https:\/\/www.sincomam.org.br\/index.php\/wp-json\/wp\/v2\/posts\/18171","targetHints":{"allow":["GET"]}}],"collection":[{"href":"https:\/\/www.sincomam.org.br\/index.php\/wp-json\/wp\/v2\/posts"}],"about":[{"href":"https:\/\/www.sincomam.org.br\/index.php\/wp-json\/wp\/v2\/types\/post"}],"author":[{"embeddable":true,"href":"https:\/\/www.sincomam.org.br\/index.php\/wp-json\/wp\/v2\/users\/1182"}],"replies":[{"embeddable":true,"href":"https:\/\/www.sincomam.org.br\/index.php\/wp-json\/wp\/v2\/comments?post=18171"}],"version-history":[{"count":1,"href":"https:\/\/www.sincomam.org.br\/index.php\/wp-json\/wp\/v2\/posts\/18171\/revisions"}],"predecessor-version":[{"id":18172,"href":"https:\/\/www.sincomam.org.br\/index.php\/wp-json\/wp\/v2\/posts\/18171\/revisions\/18172"}],"wp:featuredmedia":[{"embeddable":true,"href":"https:\/\/www.sincomam.org.br\/index.php\/wp-json\/wp\/v2\/media\/17824"}],"wp:attachment":[{"href":"https:\/\/www.sincomam.org.br\/index.php\/wp-json\/wp\/v2\/media?parent=18171"}],"wp:term":[{"taxonomy":"category","embeddable":true,"href":"https:\/\/www.sincomam.org.br\/index.php\/wp-json\/wp\/v2\/categories?post=18171"},{"taxonomy":"post_tag","embeddable":true,"href":"https:\/\/www.sincomam.org.br\/index.php\/wp-json\/wp\/v2\/tags?post=18171"}],"curies":[{"name":"wp","href":"https:\/\/api.w.org\/{rel}","templated":true}]}}