{"id":18155,"date":"2016-02-11T07:00:05","date_gmt":"2016-02-11T09:00:05","guid":{"rendered":"http:\/\/www.sincomam.org.br\/?p=18155"},"modified":"2016-02-10T09:42:24","modified_gmt":"2016-02-10T11:42:24","slug":"rio-corta-r-18-bilhoes-do-orcamento-para-2016","status":"publish","type":"post","link":"https:\/\/www.sincomam.org.br\/index.php\/rio-corta-r-18-bilhoes-do-orcamento-para-2016\/","title":{"rendered":"Rio corta R$ 18 bilh\u00f5es do or\u00e7amento para 2016"},"content":{"rendered":"<p>O governo do Rio<a href=\"http:\/\/www.exame.com.br\/topicos\/rio-de-janeiro\"><strong>\u00a0<\/strong><\/a>publicou na semana passada, no Di\u00e1rio Oficial, um corte de R$ 18,4 bilh\u00f5es do or\u00e7amento estadual deste ano. A medida foi tomada por causa da queda da estimativa de receita.<\/p>\n<p>O governo esperava gastar R$ 79,9 bilh\u00f5es, mas diminuiu a previs\u00e3o para R$ 61,5 bilh\u00f5es, um ajuste de 23%.<\/p>\n<p>O corte vai afetar pastas essenciais para a popula\u00e7\u00e3o, como Sa\u00fade, que perdeu 7,6% de seu caixa e atualmente passa por crise financeira, com hospitais sem verbas para insumos. A Educa\u00e7\u00e3o\u00a0ficou com menos 9,3%, Assist\u00eancia Social, 30,91%, Seguran\u00e7a, 32,1%, e Administra\u00e7\u00e3o Penitenci\u00e1ria, 22%.<\/p>\n<p>Segundo a secret\u00e1ria estadual de Planejamento e Gest\u00e3o, Cl\u00e1udia Uch\u00f4a, o or\u00e7amento ser\u00e1 aberto com o ajuste estabelecido e, como ocorreu em 2015, as libera\u00e7\u00f5es de recursos v\u00e3o acontecer ao longo do ano na medida em que houver aumento na arrecada\u00e7\u00e3o do Estado.<\/p>\n<p>De acordo com Cl\u00e1udia, o c\u00e1lculo do ajuste foi baseado na reestimativa da receita para este ano, feita pela Secretaria de Fazenda. &#8220;No caso dos recursos do Tesouro, a arrecada\u00e7\u00e3o prevista caiu 22,59%, passando de R$ 73,8 bilh\u00f5es para R$ 57,1 bilh\u00f5es. Nas outras fontes, a queda \u00e9 de 13,99%, de R$ 25,9 bilh\u00f5es para R$ 22,3 bilh\u00f5es.&#8221;<\/p>\n<p><b>Empr\u00e9stimo<\/b><\/p>\n<p>Semana passada, o governo conseguiu pagar sal\u00e1rios de 8.315 funcion\u00e1rios de 13 empresas p\u00fablicas &#8211; um total de R$ 26,8 milh\u00f5es.<\/p>\n<p>Na quinta-feira, o governador Luiz Fernando Pez\u00e3o (PMDB) obteve empr\u00e9stimo de at\u00e9 R$ 1 bilh\u00e3o para compensar perdas de arrecada\u00e7\u00e3o dos royalties de petr\u00f3leo e garantir o pagamento de aposentados e pensionistas do Rioprevid\u00eancia. A transa\u00e7\u00e3o foi autorizada pela Assembleia Legislativa.<\/p>\n<p>A medida permitiu ao governo contratar o empr\u00e9stimo no Banco do Brasil, com juros de 19,45% ao ano, com prazo de 15 anos para o pagamento.<\/p>\n<p>Fonte: Exame<\/p>\n","protected":false},"excerpt":{"rendered":"<p>O governo do Rio\u00a0publicou na semana passada, no Di\u00e1rio Oficial, um corte de R$ 18,4 bilh\u00f5es do or\u00e7amento estadual deste ano. A medida foi tomada&#8230;<\/p>\n","protected":false},"author":1182,"featured_media":18113,"comment_status":"closed","ping_status":"closed","sticky":false,"template":"","format":"standard","meta":{"footnotes":""},"categories":[6],"tags":[],"class_list":["post-18155","post","type-post","status-publish","format-standard","has-post-thumbnail","hentry","category-noticias"],"_links":{"self":[{"href":"https:\/\/www.sincomam.org.br\/index.php\/wp-json\/wp\/v2\/posts\/18155","targetHints":{"allow":["GET"]}}],"collection":[{"href":"https:\/\/www.sincomam.org.br\/index.php\/wp-json\/wp\/v2\/posts"}],"about":[{"href":"https:\/\/www.sincomam.org.br\/index.php\/wp-json\/wp\/v2\/types\/post"}],"author":[{"embeddable":true,"href":"https:\/\/www.sincomam.org.br\/index.php\/wp-json\/wp\/v2\/users\/1182"}],"replies":[{"embeddable":true,"href":"https:\/\/www.sincomam.org.br\/index.php\/wp-json\/wp\/v2\/comments?post=18155"}],"version-history":[{"count":1,"href":"https:\/\/www.sincomam.org.br\/index.php\/wp-json\/wp\/v2\/posts\/18155\/revisions"}],"predecessor-version":[{"id":18156,"href":"https:\/\/www.sincomam.org.br\/index.php\/wp-json\/wp\/v2\/posts\/18155\/revisions\/18156"}],"wp:featuredmedia":[{"embeddable":true,"href":"https:\/\/www.sincomam.org.br\/index.php\/wp-json\/wp\/v2\/media\/18113"}],"wp:attachment":[{"href":"https:\/\/www.sincomam.org.br\/index.php\/wp-json\/wp\/v2\/media?parent=18155"}],"wp:term":[{"taxonomy":"category","embeddable":true,"href":"https:\/\/www.sincomam.org.br\/index.php\/wp-json\/wp\/v2\/categories?post=18155"},{"taxonomy":"post_tag","embeddable":true,"href":"https:\/\/www.sincomam.org.br\/index.php\/wp-json\/wp\/v2\/tags?post=18155"}],"curies":[{"name":"wp","href":"https:\/\/api.w.org\/{rel}","templated":true}]}}