{"id":18149,"date":"2016-02-05T11:00:38","date_gmt":"2016-02-05T13:00:38","guid":{"rendered":"http:\/\/www.sincomam.org.br\/?p=18149"},"modified":"2016-02-05T11:00:38","modified_gmt":"2016-02-05T13:00:38","slug":"governo-usou-dinheiro-do-bc-para-pagar-pedaladas-diz-jornal","status":"publish","type":"post","link":"https:\/\/www.sincomam.org.br\/index.php\/governo-usou-dinheiro-do-bc-para-pagar-pedaladas-diz-jornal\/","title":{"rendered":"Governo usou dinheiro do BC para pagar pedaladas, diz jornal"},"content":{"rendered":"<p>U<span>Um estudo realizado por um grupo de economistas com liga\u00e7\u00e3o com o Senado mostra que o Banco Central estaria emprestando recursos para o Tesouro Nacional, pr\u00e1tica que em dezembro teria sido decisiva para acabar pagar as \u201cpedaladas fiscais\u201d. A informa\u00e7\u00e3o \u00e9 do jornal O Estado de S. Paulo.\u00a0<\/span><\/p>\n<p><span><span>A estrat\u00e9gia \u00e9 negada pelo governo e \u00e9 proibida pela lei de responsabilidade fiscal e pela Constitui\u00e7\u00e3o. De acordo com o estudo, a movimenta\u00e7\u00e3o de R$ 50 bilh\u00f5es do BC foi fundamental para o governo fechar a conta. A opera\u00e7\u00e3o teria sido bem sutil, uma vez que o dinheiro n\u00e3o foi usado para pagar as pedaladas diretamente, sendo realizado uma triangula\u00e7\u00e3o.<\/p>\n<p><\/span><\/span><\/p>\n<p class=\"text\">Utilizando-se de duas Medidas Provis\u00f3rias e quatro portarias, o governo mudou de lugar uma s\u00e9rie de recursos p\u00fablicos. \u201cO que a gente constatou \u00e9 que pegaram o dinheiro do colch\u00e3o de liquidez, destinado \u00e0 d\u00edvida, e pagaram as pedaladas; e para cobrir os juros e amortiza\u00e7\u00e3o da d\u00edvida, eles usaram o dinheiro do Banco Central. Houve uma substitui\u00e7\u00e3o de recursos\u201d, diz Marcos Mendes, consultor legislativo do Senado que participou da pesquisa.<\/p>\n<div id=\"ad-video-inread--wrapper\">\n<div class=\"ad-video-inread\" id=\"ad-video-inread\">\n<div id=\"google_ads_iframe_\/1211\/br.terra.news.economia\/articles_3__container__\">\n<p class=\"text\">O BC declarou em nota dizendo que havia sobra de dinheiro no colch\u00e3o de liquidez, mas n\u00e3o negou a pr\u00e1tica. J\u00e1 o Minist\u00e9rio da Fazenda negou usar recursos do BC nos pagamento das pedaladas, mas tamb\u00e9m n\u00e3o falou sobre a movimenta\u00e7\u00e3o financeira.<\/p>\n<div class=\"articleCredit\">\n<div class=\"lineSpacer\">Fonte: Terra<\/div>\n<\/div>\n<\/div>\n<\/div>\n<\/div>\n","protected":false},"excerpt":{"rendered":"<p>UUm estudo realizado por um grupo de economistas com liga\u00e7\u00e3o com o Senado mostra que o Banco Central estaria emprestando recursos para o Tesouro Nacional,&#8230;<\/p>\n","protected":false},"author":1182,"featured_media":17885,"comment_status":"closed","ping_status":"closed","sticky":false,"template":"","format":"standard","meta":{"footnotes":""},"categories":[6],"tags":[],"class_list":["post-18149","post","type-post","status-publish","format-standard","has-post-thumbnail","hentry","category-noticias"],"_links":{"self":[{"href":"https:\/\/www.sincomam.org.br\/index.php\/wp-json\/wp\/v2\/posts\/18149","targetHints":{"allow":["GET"]}}],"collection":[{"href":"https:\/\/www.sincomam.org.br\/index.php\/wp-json\/wp\/v2\/posts"}],"about":[{"href":"https:\/\/www.sincomam.org.br\/index.php\/wp-json\/wp\/v2\/types\/post"}],"author":[{"embeddable":true,"href":"https:\/\/www.sincomam.org.br\/index.php\/wp-json\/wp\/v2\/users\/1182"}],"replies":[{"embeddable":true,"href":"https:\/\/www.sincomam.org.br\/index.php\/wp-json\/wp\/v2\/comments?post=18149"}],"version-history":[{"count":1,"href":"https:\/\/www.sincomam.org.br\/index.php\/wp-json\/wp\/v2\/posts\/18149\/revisions"}],"predecessor-version":[{"id":18150,"href":"https:\/\/www.sincomam.org.br\/index.php\/wp-json\/wp\/v2\/posts\/18149\/revisions\/18150"}],"wp:featuredmedia":[{"embeddable":true,"href":"https:\/\/www.sincomam.org.br\/index.php\/wp-json\/wp\/v2\/media\/17885"}],"wp:attachment":[{"href":"https:\/\/www.sincomam.org.br\/index.php\/wp-json\/wp\/v2\/media?parent=18149"}],"wp:term":[{"taxonomy":"category","embeddable":true,"href":"https:\/\/www.sincomam.org.br\/index.php\/wp-json\/wp\/v2\/categories?post=18149"},{"taxonomy":"post_tag","embeddable":true,"href":"https:\/\/www.sincomam.org.br\/index.php\/wp-json\/wp\/v2\/tags?post=18149"}],"curies":[{"name":"wp","href":"https:\/\/api.w.org\/{rel}","templated":true}]}}