{"id":18130,"date":"2016-02-05T00:00:09","date_gmt":"2016-02-05T02:00:09","guid":{"rendered":"http:\/\/www.sincomam.org.br\/?p=18130"},"modified":"2016-02-05T10:53:50","modified_gmt":"2016-02-05T12:53:50","slug":"senado-aprova-projeto-que-aumenta-licenca-paternidade-de-5-para-20-dias","status":"publish","type":"post","link":"https:\/\/www.sincomam.org.br\/index.php\/senado-aprova-projeto-que-aumenta-licenca-paternidade-de-5-para-20-dias\/","title":{"rendered":"Senado aprova projeto que aumenta licen\u00e7a-paternidade de 5 para 20 dias"},"content":{"rendered":"<p>O Senado aprovou o projeto de lei que prev\u00ea aumento da licen\u00e7a-paternidade de 5 para 20 dias para empregados de empresas que aceitem o programa. O texto vai para san\u00e7\u00e3o da presidente Dilma.<\/p>\n<p>A altera\u00e7\u00e3o est\u00e1 dentro de lei que prev\u00ea um marco legal de aten\u00e7\u00e3o \u00e0 primeira inf\u00e2ncia\u00a0(crian\u00e7as de 0 a 6 anos).<\/p>\n<p>Se sancionado, o aumento da licen\u00e7a beneficiar\u00e1 funcion\u00e1rios de empresas vinculadas ao programa Empresa Cidad\u00e3, criado em 2008 para estimular a licen\u00e7a-maternidade de seis meses.<\/p>\n<p><b>CUSTO EXTRA<\/b><\/p>\n<p>No caso das que t\u00eam regime tribut\u00e1rio de lucro real e da administra\u00e7\u00e3o p\u00fablica (cerca de 65% dos trabalhadores do pa\u00eds), o custo poder\u00e1 ser absorvido pela Uni\u00e3o (o gasto poderia ser abatido do IR de Pessoa Jur\u00eddica).<\/p>\n<p>Trabalho da faculdade de economia da USP e da ONG Maria Cec\u00edlia Souto Vidigal (que atua na \u00e1rea da primeira inf\u00e2ncia) indica que a extens\u00e3o da licen\u00e7a deve custar o equivalente a 0,009% da arrecada\u00e7\u00e3o federal (dados de 2014), considerando o cen\u00e1rio mais prov\u00e1vel de ades\u00e3o.<\/p>\n<p>O aumento de gasto pode, no entanto, trazer dificuldade adicional para a san\u00e7\u00e3o do Executivo, que busca neste momento reduzir despesas.<\/p>\n<p><b>N\u00c3O BASTA SER PAI<\/b><\/p>\n<p>Diretor-presidente da ONG Maria Cec\u00edlia Souto Vidigal, Eduardo Queiroz defende a proposta, por entender que ela beneficia a sociedade.<\/p>\n<p>Pesquisas mostram que maior envolvimento paterno nos primeiros dias de vida ajuda no desenvolvimento cognitivo e emocional da crian\u00e7a, aumenta o per\u00edodo de amamenta\u00e7\u00e3o (devido ao maior apoio \u00e0 m\u00e3e) e eleva o v\u00ednculo do pai com a crian\u00e7a.<\/p>\n<p>Consultada pela Folha no fim do ano passado sobre o tema, a Confedera\u00e7\u00e3o Nacional da Ind\u00fastria afirmou ser necess\u00e1rio &#8220;avaliar o impacto da perda da produtividade nas empresas devido ao afastamento de profissionais qualificados, uma das grandes dificuldades atuais do pa\u00eds&#8221;.<\/p>\n<p>A licen\u00e7a-paternidade foi institu\u00edda no Brasil em 1988. Se for a 20 dias, o prazo vai se equiparar ao de Portugal.<\/p>\n<p>Os pa\u00edses com as maiores licen\u00e7as s\u00e3o Isl\u00e2ndia, Eslov\u00eania (90 cada) e Finl\u00e2ndia (76), segundo a Organiza\u00e7\u00e3o Mundial do Trabalho. Na Am\u00e9rica Latina, as maiores licen\u00e7as s\u00e3o concedidas pela Venezuela (14 dias) e pelo Equador (10 dias) e a menor \u00e9 a da Argentina (2 dias).<\/p>\n<p>A proposta estabelece que, al\u00e9m da prote\u00e7\u00e3o \u00e0 crian\u00e7a, como j\u00e1 \u00e9 determinado pelo Estatuto da Crian\u00e7a e do Adolescente, haja a promo\u00e7\u00e3o do desenvolvimento integral de meninos e meninas.<\/p>\n<p>O texto tamb\u00e9m determina que a crian\u00e7a seja considerada na elabora\u00e7\u00e3o das pol\u00edticas para a primeira inf\u00e2ncia.<\/p>\n<p>Fonte: Folha de S\u00e3o Paulo<\/p>\n","protected":false},"excerpt":{"rendered":"<p>O Senado aprovou o projeto de lei que prev\u00ea aumento da licen\u00e7a-paternidade de 5 para 20 dias para empregados de empresas que aceitem o programa&#8230;.<\/p>\n","protected":false},"author":1182,"featured_media":18131,"comment_status":"closed","ping_status":"closed","sticky":false,"template":"","format":"standard","meta":{"footnotes":""},"categories":[6],"tags":[],"class_list":["post-18130","post","type-post","status-publish","format-standard","has-post-thumbnail","hentry","category-noticias"],"_links":{"self":[{"href":"https:\/\/www.sincomam.org.br\/index.php\/wp-json\/wp\/v2\/posts\/18130","targetHints":{"allow":["GET"]}}],"collection":[{"href":"https:\/\/www.sincomam.org.br\/index.php\/wp-json\/wp\/v2\/posts"}],"about":[{"href":"https:\/\/www.sincomam.org.br\/index.php\/wp-json\/wp\/v2\/types\/post"}],"author":[{"embeddable":true,"href":"https:\/\/www.sincomam.org.br\/index.php\/wp-json\/wp\/v2\/users\/1182"}],"replies":[{"embeddable":true,"href":"https:\/\/www.sincomam.org.br\/index.php\/wp-json\/wp\/v2\/comments?post=18130"}],"version-history":[{"count":1,"href":"https:\/\/www.sincomam.org.br\/index.php\/wp-json\/wp\/v2\/posts\/18130\/revisions"}],"predecessor-version":[{"id":18132,"href":"https:\/\/www.sincomam.org.br\/index.php\/wp-json\/wp\/v2\/posts\/18130\/revisions\/18132"}],"wp:featuredmedia":[{"embeddable":true,"href":"https:\/\/www.sincomam.org.br\/index.php\/wp-json\/wp\/v2\/media\/18131"}],"wp:attachment":[{"href":"https:\/\/www.sincomam.org.br\/index.php\/wp-json\/wp\/v2\/media?parent=18130"}],"wp:term":[{"taxonomy":"category","embeddable":true,"href":"https:\/\/www.sincomam.org.br\/index.php\/wp-json\/wp\/v2\/categories?post=18130"},{"taxonomy":"post_tag","embeddable":true,"href":"https:\/\/www.sincomam.org.br\/index.php\/wp-json\/wp\/v2\/tags?post=18130"}],"curies":[{"name":"wp","href":"https:\/\/api.w.org\/{rel}","templated":true}]}}