{"id":18127,"date":"2016-02-04T09:05:06","date_gmt":"2016-02-04T11:05:06","guid":{"rendered":"http:\/\/www.sincomam.org.br\/?p=18127"},"modified":"2016-02-04T09:05:06","modified_gmt":"2016-02-04T11:05:06","slug":"dilma-estava-em-reuniao-de-indicacao-a-estatais-diz-delator","status":"publish","type":"post","link":"https:\/\/www.sincomam.org.br\/index.php\/dilma-estava-em-reuniao-de-indicacao-a-estatais-diz-delator\/","title":{"rendered":"Dilma estava em reuni\u00e3o de indica\u00e7\u00e3o a estatais, diz delator"},"content":{"rendered":"<p>O empres\u00e1rio Fernando Moura, ligado ao PT, afirmou ao juiz federal S\u00e9rgio Moro &#8211; da Opera\u00e7\u00e3o Lava Jato\u00a0&#8211; que a presidente Dilma Rousseff\u00a0participou da reuni\u00e3o no in\u00edcio do governo Lula, em 2003, em que foi definida as indica\u00e7\u00f5es pol\u00edticas de diretores de estatais que ficariam respons\u00e1veis pela arrecada\u00e7\u00e3o de valores para o partido.<\/p>\n<p>&#8220;Foi feito uma reuni\u00e3o ao lado da sala do ministro da Casa Civil entre o Jos\u00e9 Eduardo Dutra (morto em 2015), que foi indicado presidente da Petrobras, o Luis Gushiken, que era da Secretaria de Comunica\u00e7\u00e3o, o Del\u00fabio Soares (ex-tesoureiro do PT), a Dilma Rousseff, que era ministra de Minas e Energia, o S\u00edlvio Pereira (ex-secret\u00e1rio-geral do PT) e foram analisados todos os nomes que seriam indicados para cargos de diretoria&#8221;, afirmou Moura.<\/p>\n<p>O encontro era para &#8220;defini\u00e7\u00e3o de mais ou menos cinco diretorias de estatais para poder ajudar a n\u00edvel de campanha posteriormente&#8221;. &#8220;Foi conversado sobre Petrobras, sobre Correios, Caixa Econ\u00f4mica Federal, Furnas e Banco do Brasil. Isso em novembro de 2002.<\/p>\n<p>O lobista, que \u00e9 delator da Lava Jato, relatou que houve um impasse na indica\u00e7\u00e3o de Duque. &#8220;Existia uma indica\u00e7\u00e3o do Edimir Varela, que era o antigo diretor, e o Renato Duque. Quando foi questionado quem estava indicando Varela, o Del\u00fabio n\u00e3o podia falar que era ele e disse que foi indica\u00e7\u00e3o do A\u00e9cio Neves.&#8221; Duque est\u00e1 preso desde mar\u00e7o de 2015, em Curitiba, acusado de ser um bra\u00e7o do PT indicado pelo ex-ministro da Casa Civil no esquema de corrup\u00e7\u00e3o da Petrobras.<\/p>\n<p>Segundo o delator, foi ent\u00e3o que Dirceu atuou como \u00e1rbitro decidindo pela nomea\u00e7\u00e3o de Duque. &#8220;Chamara ent\u00e3o o ministro Jos\u00e9 Dirceu para decidir quais dos dois seria. Na reuni\u00e3o, ele disse \u0091A\u00e9cio j\u00e1 foi contemplado com Furnas, fica o Renato Duque&#8221;, segundo Moura. Ele diz que foi S\u00edlvio Pereira quem lhe detalhou a reuni\u00e3o.<\/p>\n<p><b>Reinterrogado<\/b><\/p>\n<p>Em depoimento \u00e0 for\u00e7a-tarefa da Lava Jato, em que admitiu ter mentido em seu primeiro interrogat\u00f3rio feito ao juiz S\u00e9rgio Moro, Moura afirmou que Dilma indicou Rodolfo Landim para a Diretoria de Explora\u00e7\u00e3o &amp; Produ\u00e7\u00e3o, antes da defini\u00e7\u00e3o de que ele assumisse no in\u00edcio do governo Lula a presid\u00eancia da BR Distribuidora.<\/p>\n<p>A mudan\u00e7a de posto do indicado ocorreu por conta da decis\u00e3o de Dirceu. &#8220;No computador do PT foi colocado o Renato (Duque) como indicado para a Diretora de Explora\u00e7\u00e3o e Produ\u00e7\u00e3o, n\u00e3o tinha sido para a Diretoria de Servi\u00e7os&#8221;, afirmou o delator, em depoimento no dia 28 aos procuradores da for\u00e7a-tarefa da Lava Jato.<\/p>\n<p>&#8220;(Duque) s\u00f3 se transformou em Diretoria de Servi\u00e7os, porque quando foi feita a indica\u00e7\u00e3o dos diretores, tinham duas pessoas disputando a Diretoria de Explora\u00e7\u00e3o e Produ\u00e7\u00e3o, um o Rodolfo Landim, que era indicado pela Dilma, que era ministra de Minas e Energia, e outro era o Guilherme Estrela, que era indicado pelo sindicato com petroleiros, e quem tava indicando era o Jos\u00e9 Eduardo Dutra&#8221;, contou Moura.<\/p>\n<p>Segundo o delator, acabaram optando pela indica\u00e7\u00e3o do Estrela para Explora\u00e7\u00e3o e Produ\u00e7\u00e3o &#8220;e foi transportado o Rodolfo Landim para a presidente da BR&#8221;. &#8220;E o Duque foi acomodado na Diretoria de Servi\u00e7os.&#8221;<\/p>\n<p>Fonte: Exame<\/p>\n","protected":false},"excerpt":{"rendered":"<p>O empres\u00e1rio Fernando Moura, ligado ao PT, afirmou ao juiz federal S\u00e9rgio Moro &#8211; da Opera\u00e7\u00e3o Lava Jato\u00a0&#8211; que a presidente Dilma Rousseff\u00a0participou da reuni\u00e3o&#8230;<\/p>\n","protected":false},"author":1182,"featured_media":18128,"comment_status":"closed","ping_status":"closed","sticky":false,"template":"","format":"standard","meta":{"footnotes":""},"categories":[6],"tags":[],"class_list":["post-18127","post","type-post","status-publish","format-standard","has-post-thumbnail","hentry","category-noticias"],"_links":{"self":[{"href":"https:\/\/www.sincomam.org.br\/index.php\/wp-json\/wp\/v2\/posts\/18127","targetHints":{"allow":["GET"]}}],"collection":[{"href":"https:\/\/www.sincomam.org.br\/index.php\/wp-json\/wp\/v2\/posts"}],"about":[{"href":"https:\/\/www.sincomam.org.br\/index.php\/wp-json\/wp\/v2\/types\/post"}],"author":[{"embeddable":true,"href":"https:\/\/www.sincomam.org.br\/index.php\/wp-json\/wp\/v2\/users\/1182"}],"replies":[{"embeddable":true,"href":"https:\/\/www.sincomam.org.br\/index.php\/wp-json\/wp\/v2\/comments?post=18127"}],"version-history":[{"count":1,"href":"https:\/\/www.sincomam.org.br\/index.php\/wp-json\/wp\/v2\/posts\/18127\/revisions"}],"predecessor-version":[{"id":18129,"href":"https:\/\/www.sincomam.org.br\/index.php\/wp-json\/wp\/v2\/posts\/18127\/revisions\/18129"}],"wp:featuredmedia":[{"embeddable":true,"href":"https:\/\/www.sincomam.org.br\/index.php\/wp-json\/wp\/v2\/media\/18128"}],"wp:attachment":[{"href":"https:\/\/www.sincomam.org.br\/index.php\/wp-json\/wp\/v2\/media?parent=18127"}],"wp:term":[{"taxonomy":"category","embeddable":true,"href":"https:\/\/www.sincomam.org.br\/index.php\/wp-json\/wp\/v2\/categories?post=18127"},{"taxonomy":"post_tag","embeddable":true,"href":"https:\/\/www.sincomam.org.br\/index.php\/wp-json\/wp\/v2\/tags?post=18127"}],"curies":[{"name":"wp","href":"https:\/\/api.w.org\/{rel}","templated":true}]}}