{"id":18120,"date":"2016-02-04T08:47:54","date_gmt":"2016-02-04T10:47:54","guid":{"rendered":"http:\/\/www.sincomam.org.br\/?p=18120"},"modified":"2016-02-04T08:47:54","modified_gmt":"2016-02-04T10:47:54","slug":"fazenda-avalia-que-fgts-como-garantia-de-credito-pode-reduzir-juros","status":"publish","type":"post","link":"https:\/\/www.sincomam.org.br\/index.php\/fazenda-avalia-que-fgts-como-garantia-de-credito-pode-reduzir-juros\/","title":{"rendered":"Fazenda avalia que FGTS como garantia de cr\u00e9dito pode reduzir juros"},"content":{"rendered":"<p>O Minist\u00e9rio da Fazendo\u00a0avaliou que os recursos e direitos do Fundo de Garantia por Tempo de Servi\u00e7o (FGTS) j\u00e1 existem e, se destinados como garantia ao cr\u00e9dito consignado (com desconto na folha de pagamentos), podem ser utilizados para reduzir as taxas de juros cobradas em empr\u00e9stimos para os trabalhadores do setor privado.<\/p>\n<p>A proposta de que os trabalhadores possam usar parte do seu FGTS como garantia para empr\u00e9stimos foi anunciada na semana passada pelo governo federal, dentro de um pacote de cr\u00e9dito que envolve a estimativa de libera\u00e7\u00f5es no valor de R$ 83 bilh\u00f5es. Somente com esta modalidade, a previs\u00e3o do governo \u00e9 de R$ 17 bilh\u00f5es em novas opera\u00e7\u00f5es de cr\u00e9dito.<\/p>\n<p><strong>A proposta<\/strong><br \/>Pela proposta, o trabalhador poderia utilizar sua multa rescis\u00f3ria, correspondente a 40% do saldo acumulado, e at\u00e9 10% do saldo da sua conta vinculada ao FGTS\u00a0para prestar garantia em opera\u00e7\u00f5es de cr\u00e9dito consignado. O governo avaliou que a medida proposta permitir\u00e1 que o mercado de cr\u00e9dito possa precificar riscos e oferecer cr\u00e9dito de forma mais adequada aos trabalhadores da iniciativa privada.<\/p>\n<p>&#8220;Essa medida tem por objetivo dar mais escolha aos trabalhadores, que poder\u00e3o optar por tomar ou n\u00e3o empr\u00e9stimos e, caso a decis\u00e3o seja pelo empr\u00e9stimo, se querem ou n\u00e3o utilizar seus direitos junto ao FGTS para pagar menos juros&#8221;, informou o Minist\u00e9rio da Fazenda, lembrando que, para ter validade, ela ainda tem de passar pelo crivo do Conselho Curador do FGTS, do Congresso Nacional e por uma avalia\u00e7\u00e3o pessoal de cada trabalhador.<\/p>\n<p><strong>Sustenta\u00e7\u00e3o do FGTS<\/strong><br \/>Apesar das cr\u00edticas que a medida sofre, o governo informou ainda que essa ela &#8220;tamb\u00e9m \u00e9 boa para a sustenta\u00e7\u00e3o do FGTS, pois ela incentiva alguma recupera\u00e7\u00e3o no consumo e na renda, bem como uma redu\u00e7\u00e3o no n\u00edvel de endividamento das fam\u00edlias, o que, ao final, gerar\u00e1 mais empregos e contribui\u00e7\u00f5es para o FGTS&#8221;.<\/p>\n<p>De acordo com o governo, os empr\u00e9stimos continuariam sendo pagos mediante o desconto de um percentual fixo do sal\u00e1rio do trabalhador, como j\u00e1 acontece atualmente. &#8220;Al\u00e9m dos recursos depositados no FGTS, os trabalhadores do setor privado tamb\u00e9m t\u00eam direito a uma multa em caso de demiss\u00e3o sem justa causa, de 40% do valor da sua conta. Somente no caso de demiss\u00e3o sem justa causa, o trabalhador poderia utilizar o valor da multa como garantia para as opera\u00e7\u00f5es&#8221;, informou o Minist\u00e9rio da Fazenda.<\/p>\n<p><strong>Cr\u00e9dito patina em 2015<\/strong><br \/>Com a economia brasileira em recess\u00e3o e com a disparada das taxas de juros das institui\u00e7\u00f5es financeiras, que tiveram no ano passado o maior crescimento anual da s\u00e9rie hist\u00f3rica do Banco Central, o cr\u00e9dito banc\u00e1rio registrou, em 2015, a\u00a0desacelera\u00e7\u00e3o pelo quinto ano consecutivo e, tamb\u00e9m, o menor crescimento anual j\u00e1 registrado.<\/p>\n<p>Segundo informou o BC nesta quarta-feira (27), o saldo total do cr\u00e9dito ofertado pelos bancos (o chamado estoque) avan\u00e7ou 6,6% no ano passado, para R$ 3,21 trilh\u00f5es, contra um crescimento de 11,29% em 2014 e de 14,48% em 2013.<\/p>\n<p>Os dados da autoridade monet\u00e1ria mostram que o estoque do chamado cr\u00e9dito livre (basicamente as linhas ofertadas aos clientes banc\u00e1rios pessoas f\u00edsicas e jur\u00eddicas, sem contar rural, habitacional e do BNDES) somou R$ 1,63 trilh\u00e3o no fim do ano passado, com aumento de 3,7%. Novamente, foi a menor alta da s\u00e9rie hist\u00f3rica, que come\u00e7a em 2007.<\/p>\n<p>Fonte: Globo.com<\/p>\n","protected":false},"excerpt":{"rendered":"<p>O Minist\u00e9rio da Fazendo\u00a0avaliou que os recursos e direitos do Fundo de Garantia por Tempo de Servi\u00e7o (FGTS) j\u00e1 existem e, se destinados como garantia&#8230;<\/p>\n","protected":false},"author":1182,"featured_media":18121,"comment_status":"closed","ping_status":"closed","sticky":false,"template":"","format":"standard","meta":{"footnotes":""},"categories":[6],"tags":[],"class_list":["post-18120","post","type-post","status-publish","format-standard","has-post-thumbnail","hentry","category-noticias"],"_links":{"self":[{"href":"https:\/\/www.sincomam.org.br\/index.php\/wp-json\/wp\/v2\/posts\/18120","targetHints":{"allow":["GET"]}}],"collection":[{"href":"https:\/\/www.sincomam.org.br\/index.php\/wp-json\/wp\/v2\/posts"}],"about":[{"href":"https:\/\/www.sincomam.org.br\/index.php\/wp-json\/wp\/v2\/types\/post"}],"author":[{"embeddable":true,"href":"https:\/\/www.sincomam.org.br\/index.php\/wp-json\/wp\/v2\/users\/1182"}],"replies":[{"embeddable":true,"href":"https:\/\/www.sincomam.org.br\/index.php\/wp-json\/wp\/v2\/comments?post=18120"}],"version-history":[{"count":1,"href":"https:\/\/www.sincomam.org.br\/index.php\/wp-json\/wp\/v2\/posts\/18120\/revisions"}],"predecessor-version":[{"id":18122,"href":"https:\/\/www.sincomam.org.br\/index.php\/wp-json\/wp\/v2\/posts\/18120\/revisions\/18122"}],"wp:featuredmedia":[{"embeddable":true,"href":"https:\/\/www.sincomam.org.br\/index.php\/wp-json\/wp\/v2\/media\/18121"}],"wp:attachment":[{"href":"https:\/\/www.sincomam.org.br\/index.php\/wp-json\/wp\/v2\/media?parent=18120"}],"wp:term":[{"taxonomy":"category","embeddable":true,"href":"https:\/\/www.sincomam.org.br\/index.php\/wp-json\/wp\/v2\/categories?post=18120"},{"taxonomy":"post_tag","embeddable":true,"href":"https:\/\/www.sincomam.org.br\/index.php\/wp-json\/wp\/v2\/tags?post=18120"}],"curies":[{"name":"wp","href":"https:\/\/api.w.org\/{rel}","templated":true}]}}