{"id":18115,"date":"2016-02-04T00:05:44","date_gmt":"2016-02-04T02:05:44","guid":{"rendered":"http:\/\/www.sincomam.org.br\/?p=18115"},"modified":"2016-02-03T18:16:10","modified_gmt":"2016-02-03T20:16:10","slug":"renan-quer-colocar-em-votacao-proposta-que-concede-autonomia-ao-bc-ainda-em-2016","status":"publish","type":"post","link":"https:\/\/www.sincomam.org.br\/index.php\/renan-quer-colocar-em-votacao-proposta-que-concede-autonomia-ao-bc-ainda-em-2016\/","title":{"rendered":"Renan quer colocar em vota\u00e7\u00e3o proposta que concede autonomia ao BC ainda em 2016"},"content":{"rendered":"<p>O presidente do Senado, Renan Calheiros (PMDB-AL), afirmou nesta \u00a0quarta-feira, 3, que pretende colocar em vota\u00e7\u00e3o ainda este ano uma \u00a0proposta que concede autonomia na escolha dos presidentes e diretores do \u00a0Banco Central (BC). Em entrevista na chegada a seu gabinete, o \u00a0peemedebista defendeu que \u00e9 necess\u00e1rio que o Congresso aprecie mat\u00e9rias \u00a0pol\u00eamicas como essa, a qual destacou ser favor\u00e1vel.<\/p>\n<p>&#8220;Eu \u00a0disse ontem (no discurso de abertura do ano legislativo) e quero repetir \u00a0que \u00e9 fundamental que o Congresso delibere sobre temas controversos, se \u00a0\u00e9 para aprovar ou rejeitar, n\u00e3o importa. O que importa \u00e9 que essas \u00a0mat\u00e9rias sejam apreciadas, \u00e9 que elas sejam postergadas&#8221;, disse.<\/p>\n<p>Renan \u00a0&#8211; que j\u00e1 tentou, sem sucesso levar adiante uma proposta com esse teor \u00a0em 2003 &#8211; reafirmou ser pessoalmente a favor da mat\u00e9ria. Ele disse que \u00a0apenas est\u00e1 fazendo a defesa, de forma coerente, com o que tem \u00a0defendido. Uma das mat\u00e9rias que tratam do assunto \u00e9 uma proposta de \u00a0emenda \u00e0 Constitui\u00e7\u00e3o (PEC) de autoria do senador Romero Juc\u00e1 (PMDB-RR), \u00a0segundo vice-presidente do Senado e aliado de Renan. A mat\u00e9ria, \u00a0contudo, foi apresentada em abril do ano passado e at\u00e9 o momento n\u00e3o \u00a0andou na Casa &#8211; ela est\u00e1 na Comiss\u00e3o de Constitui\u00e7\u00e3o e Justi\u00e7a (CCJ) sem \u00a0ter sequer relator escolhido.<\/p>\n<p>Foto: Isto \u00c9<\/p>\n","protected":false},"excerpt":{"rendered":"<p>O presidente do Senado, Renan Calheiros (PMDB-AL), afirmou nesta \u00a0quarta-feira, 3, que pretende colocar em vota\u00e7\u00e3o ainda este ano uma \u00a0proposta que concede autonomia na&#8230;<\/p>\n","protected":false},"author":1182,"featured_media":18116,"comment_status":"closed","ping_status":"closed","sticky":false,"template":"","format":"standard","meta":{"footnotes":""},"categories":[6],"tags":[],"class_list":["post-18115","post","type-post","status-publish","format-standard","has-post-thumbnail","hentry","category-noticias"],"_links":{"self":[{"href":"https:\/\/www.sincomam.org.br\/index.php\/wp-json\/wp\/v2\/posts\/18115","targetHints":{"allow":["GET"]}}],"collection":[{"href":"https:\/\/www.sincomam.org.br\/index.php\/wp-json\/wp\/v2\/posts"}],"about":[{"href":"https:\/\/www.sincomam.org.br\/index.php\/wp-json\/wp\/v2\/types\/post"}],"author":[{"embeddable":true,"href":"https:\/\/www.sincomam.org.br\/index.php\/wp-json\/wp\/v2\/users\/1182"}],"replies":[{"embeddable":true,"href":"https:\/\/www.sincomam.org.br\/index.php\/wp-json\/wp\/v2\/comments?post=18115"}],"version-history":[{"count":1,"href":"https:\/\/www.sincomam.org.br\/index.php\/wp-json\/wp\/v2\/posts\/18115\/revisions"}],"predecessor-version":[{"id":18117,"href":"https:\/\/www.sincomam.org.br\/index.php\/wp-json\/wp\/v2\/posts\/18115\/revisions\/18117"}],"wp:featuredmedia":[{"embeddable":true,"href":"https:\/\/www.sincomam.org.br\/index.php\/wp-json\/wp\/v2\/media\/18116"}],"wp:attachment":[{"href":"https:\/\/www.sincomam.org.br\/index.php\/wp-json\/wp\/v2\/media?parent=18115"}],"wp:term":[{"taxonomy":"category","embeddable":true,"href":"https:\/\/www.sincomam.org.br\/index.php\/wp-json\/wp\/v2\/categories?post=18115"},{"taxonomy":"post_tag","embeddable":true,"href":"https:\/\/www.sincomam.org.br\/index.php\/wp-json\/wp\/v2\/tags?post=18115"}],"curies":[{"name":"wp","href":"https:\/\/api.w.org\/{rel}","templated":true}]}}