{"id":18112,"date":"2016-02-04T00:10:31","date_gmt":"2016-02-04T02:10:31","guid":{"rendered":"http:\/\/www.sincomam.org.br\/?p=18112"},"modified":"2016-02-03T18:10:11","modified_gmt":"2016-02-03T20:10:11","slug":"rj-obtem-autorizacao-do-governo-para-emprestimo-de-r35-bi","status":"publish","type":"post","link":"https:\/\/www.sincomam.org.br\/index.php\/rj-obtem-autorizacao-do-governo-para-emprestimo-de-r35-bi\/","title":{"rendered":"RJ obt\u00e9m autoriza\u00e7\u00e3o do governo para empr\u00e9stimo de R$3,5 bi"},"content":{"rendered":"<p>O Estado do Rio de Janeiro\u00a0conseguiu do governo federal autoriza\u00e7\u00e3o para realizar opera\u00e7\u00f5es de cr\u00e9dito no valor total de 3,5 bilh\u00f5es de reais, em um momento em que enfrenta dificuldades financeiras devido a perdas na arrecada\u00e7\u00e3o de royalties do setor de petr\u00f3leo.<\/p>\n<p>A primeira opera\u00e7\u00e3o de cr\u00e9dito, um empr\u00e9stimo junto ao Banco do Brasil, j\u00e1 est\u00e1 sendo desenhada e dever\u00e1 envolver 1 bilh\u00e3o de reais, disse \u00e0 Reuters o governador do Estado, Luiz Fernando Pez\u00e3o.<\/p>\n<p>&#8220;A nossa inten\u00e7\u00e3o \u00e9 receber 1 bilh\u00e3o de reais agora em um empr\u00e9stimo do BB e os outros 2,5 bilh\u00f5es ao longo do ano&#8221;, afirmou Pez\u00e3o, sem detalhar se a segunda etapa do empr\u00e9stimo ser\u00e1 feita pelo mesmo banco. Ele acrescentou que os recursos ir\u00e3o para a Rio Previd\u00eancia, fundo de pens\u00e3o dos servidores do Estado.<\/p>\n<p>&#8220;Estamos tomando iniciativas, buscando medidas para conseguir receitas extraordin\u00e1rias que nos permitam fazer a travessia de 2016&#8221;, disse mais cedo Pez\u00e3o a jornalistas.<\/p>\n<p>Os empr\u00e9stimos dependem ainda da aprova\u00e7\u00e3o de um projeto de lei pela Assembl\u00e9ia Legislativa do Rio de Janeiro.<\/p>\n<p>No ano passado, o Estado do Rio de Janeiro perdeu em arrecada\u00e7\u00e3o de petr\u00f3leo, basicamente royalties e participa\u00e7\u00e3o especial, cerca de 3,5 bilh\u00f5es de reais.<\/p>\n<p>A redu\u00e7\u00e3o est\u00e1 diretamente ligada \u00e0 queda acentuada na cota\u00e7\u00e3o do barril de petr\u00f3leo, que atingiu m\u00ednimas em 12 anos recentemente. O barril do tipo Brent operava em alta nesta quarta-feira a cerca de 34 d\u00f3lares.<\/p>\n<p>Nos \u00faltimos anos, o governo do Rio de Janeiro comprometeu as receitas com \u00f3leo e g\u00e1s para fechar o or\u00e7amento estadual e, com a queda na cota\u00e7\u00e3o do barril, a recess\u00e3o econ\u00f4mica no Brasil e redu\u00e7\u00e3o nos investimentos da Petrobras, as contas fluminenses sofreram um forte baque.<\/p>\n<p>Recentemente, o governo do Rio de Janeiro anunciou um pacote de aumento tribut\u00e1rio que prev\u00ea a cria\u00e7\u00e3o de duas novas taxas para o setor de petr\u00f3leo.<\/p>\n<p>A medida gerou muitas cr\u00edticas entre os empres\u00e1rios e a Federa\u00e7\u00e3o das Ind\u00fastrias do Rio de Janeiro (Fierj) decidiu entrar na Justi\u00e7a contra o Estado para tentar inviabilizar as medidas que entram em vigor a partir de mar\u00e7o.<\/p>\n<p>&#8220;O Rio de Janeiro precisa dessas compensa\u00e7\u00f5es (&#8230;) Vai ter reclama\u00e7\u00e3o do setor, mas n\u00e3o tem jeito. Se a gente estivesse com arrecada\u00e7\u00e3o normal, isso n\u00e3o haveria&#8221;, disse o secret\u00e1rio de Desenvolvimento, Ind\u00fastria, Com\u00e9rcio e Servi\u00e7o do Estado, Marco Capute.<\/p>\n<p>Fonte: Exame<\/p>\n","protected":false},"excerpt":{"rendered":"<p>O Estado do Rio de Janeiro\u00a0conseguiu do governo federal autoriza\u00e7\u00e3o para realizar opera\u00e7\u00f5es de cr\u00e9dito no valor total de 3,5 bilh\u00f5es de reais, em um&#8230;<\/p>\n","protected":false},"author":1182,"featured_media":18113,"comment_status":"closed","ping_status":"closed","sticky":false,"template":"","format":"standard","meta":{"footnotes":""},"categories":[6],"tags":[],"class_list":["post-18112","post","type-post","status-publish","format-standard","has-post-thumbnail","hentry","category-noticias"],"_links":{"self":[{"href":"https:\/\/www.sincomam.org.br\/index.php\/wp-json\/wp\/v2\/posts\/18112","targetHints":{"allow":["GET"]}}],"collection":[{"href":"https:\/\/www.sincomam.org.br\/index.php\/wp-json\/wp\/v2\/posts"}],"about":[{"href":"https:\/\/www.sincomam.org.br\/index.php\/wp-json\/wp\/v2\/types\/post"}],"author":[{"embeddable":true,"href":"https:\/\/www.sincomam.org.br\/index.php\/wp-json\/wp\/v2\/users\/1182"}],"replies":[{"embeddable":true,"href":"https:\/\/www.sincomam.org.br\/index.php\/wp-json\/wp\/v2\/comments?post=18112"}],"version-history":[{"count":1,"href":"https:\/\/www.sincomam.org.br\/index.php\/wp-json\/wp\/v2\/posts\/18112\/revisions"}],"predecessor-version":[{"id":18114,"href":"https:\/\/www.sincomam.org.br\/index.php\/wp-json\/wp\/v2\/posts\/18112\/revisions\/18114"}],"wp:featuredmedia":[{"embeddable":true,"href":"https:\/\/www.sincomam.org.br\/index.php\/wp-json\/wp\/v2\/media\/18113"}],"wp:attachment":[{"href":"https:\/\/www.sincomam.org.br\/index.php\/wp-json\/wp\/v2\/media?parent=18112"}],"wp:term":[{"taxonomy":"category","embeddable":true,"href":"https:\/\/www.sincomam.org.br\/index.php\/wp-json\/wp\/v2\/categories?post=18112"},{"taxonomy":"post_tag","embeddable":true,"href":"https:\/\/www.sincomam.org.br\/index.php\/wp-json\/wp\/v2\/tags?post=18112"}],"curies":[{"name":"wp","href":"https:\/\/api.w.org\/{rel}","templated":true}]}}