{"id":18100,"date":"2016-02-03T11:02:47","date_gmt":"2016-02-03T13:02:47","guid":{"rendered":"http:\/\/www.sincomam.org.br\/?p=18100"},"modified":"2016-02-03T11:02:47","modified_gmt":"2016-02-03T13:02:47","slug":"mudancas-na-previdencia-podem-conter-gastos-dizem-especialistas","status":"publish","type":"post","link":"https:\/\/www.sincomam.org.br\/index.php\/mudancas-na-previdencia-podem-conter-gastos-dizem-especialistas\/","title":{"rendered":"Mudan\u00e7as na Previd\u00eancia podem conter gastos, dizem especialistas"},"content":{"rendered":"<p>As regras da Previd\u00eancia precisam ser alteradas, mas as medidas em estudo pelo governo n\u00e3o ser\u00e3o suficientes para sanar o rombo atual, embora possam ajudar a frear o crescimento dos gastos, avaliam economistas.<\/p>\n<p>Para Paulo Tafner, economista e pesquisador do Ipea, as medidas em estudo pelo menos far\u00e3o com que a &#8220;trajet\u00f3ria do crescimento do gasto diminua&#8221;. &#8220;Estamos muito atrasados, pois a Previd\u00eancia no Brasil est\u00e1 desajustada h\u00e1 20 anos. Se nada for feito, o gasto previdenci\u00e1rio vai atingir 20% do PIB entre 2040 e 2050.&#8221;<\/p>\n<p>Raul Velloso, economista e especialista em contas p\u00fablicas, tem dado semelhante. Segundo ele, os gastos at\u00e9 2040 v\u00e3o representar 24% do PIB, o dobro da fatia verificada em 2012. Na sua opini\u00e3o, &#8220;n\u00e3o tem mais sentido a distin\u00e7\u00e3o entre homens e mulheres para a idade de aposentadoria&#8221;, pois as mulheres vivem mais. &#8220;Deveria ser 65 anos para os dois sexos.&#8221;<\/p>\n<p>Tafner tamb\u00e9m defende uma idade m\u00ednima, como ocorre nos pa\u00edses desenvolvidos. &#8220;N\u00e3o faz sentido uma pessoa no Brasil se aposentar aos 50 anos e viver mais 24 anos. Quem paga isso s\u00e3o as gera\u00e7\u00f5es futuras&#8221;, diz.<\/p>\n<p>A advogada previdenci\u00e1ria Marta Gueller, s\u00f3cia do escrit\u00f3rio Gueller, Vidutto e Portanova, pondera que, apesar de a mulher viver mais, lida com condi\u00e7\u00f5es sociais desiguais. &#8220;\u00c9 poss\u00edvel igualar a idade, desde que haja tamb\u00e9m uma pol\u00edtica igualit\u00e1ria no mercado de trabalho.&#8221;<\/p>\n<p>Quanto \u00e0 unifica\u00e7\u00e3o das regras da Previd\u00eancia rural com urbana, ela afirma que a medida seria assim\u00e9trica. &#8220;A contribui\u00e7\u00e3o do segurado rural n\u00e3o \u00e9 do mesmo valor, mas tamb\u00e9m os benef\u00edcios s\u00e3o menores. Ele vive menos e tem menos oportunidades: n\u00e3o pode pagar o pato por um caixa que j\u00e1 n\u00e3o est\u00e1 saud\u00e1vel desde a d\u00e9cada de 80.&#8221;<\/p>\n<p>A For\u00e7a Sindical n\u00e3o aceita que qualquer passo para uma reforma seja dado sem a participa\u00e7\u00e3o de representantes dos trabalhadores. A For\u00e7a argumenta que o F\u00f3rum Nacional da Previd\u00eancia foi institu\u00eddo, pelo pr\u00f3prio governo, com esse objetivo. A CUT informou que s\u00f3 vai discutir o tema no f\u00f3rum.<\/p>\n<p>Fonte: O Estado de SP.<\/p>\n","protected":false},"excerpt":{"rendered":"<p>As regras da Previd\u00eancia precisam ser alteradas, mas as medidas em estudo pelo governo n\u00e3o ser\u00e3o suficientes para sanar o rombo atual, embora possam ajudar&#8230;<\/p>\n","protected":false},"author":1182,"featured_media":18101,"comment_status":"closed","ping_status":"closed","sticky":false,"template":"","format":"standard","meta":{"footnotes":""},"categories":[6],"tags":[],"class_list":["post-18100","post","type-post","status-publish","format-standard","has-post-thumbnail","hentry","category-noticias"],"_links":{"self":[{"href":"https:\/\/www.sincomam.org.br\/index.php\/wp-json\/wp\/v2\/posts\/18100","targetHints":{"allow":["GET"]}}],"collection":[{"href":"https:\/\/www.sincomam.org.br\/index.php\/wp-json\/wp\/v2\/posts"}],"about":[{"href":"https:\/\/www.sincomam.org.br\/index.php\/wp-json\/wp\/v2\/types\/post"}],"author":[{"embeddable":true,"href":"https:\/\/www.sincomam.org.br\/index.php\/wp-json\/wp\/v2\/users\/1182"}],"replies":[{"embeddable":true,"href":"https:\/\/www.sincomam.org.br\/index.php\/wp-json\/wp\/v2\/comments?post=18100"}],"version-history":[{"count":1,"href":"https:\/\/www.sincomam.org.br\/index.php\/wp-json\/wp\/v2\/posts\/18100\/revisions"}],"predecessor-version":[{"id":18102,"href":"https:\/\/www.sincomam.org.br\/index.php\/wp-json\/wp\/v2\/posts\/18100\/revisions\/18102"}],"wp:featuredmedia":[{"embeddable":true,"href":"https:\/\/www.sincomam.org.br\/index.php\/wp-json\/wp\/v2\/media\/18101"}],"wp:attachment":[{"href":"https:\/\/www.sincomam.org.br\/index.php\/wp-json\/wp\/v2\/media?parent=18100"}],"wp:term":[{"taxonomy":"category","embeddable":true,"href":"https:\/\/www.sincomam.org.br\/index.php\/wp-json\/wp\/v2\/categories?post=18100"},{"taxonomy":"post_tag","embeddable":true,"href":"https:\/\/www.sincomam.org.br\/index.php\/wp-json\/wp\/v2\/tags?post=18100"}],"curies":[{"name":"wp","href":"https:\/\/api.w.org\/{rel}","templated":true}]}}