{"id":18097,"date":"2016-02-03T10:54:54","date_gmt":"2016-02-03T12:54:54","guid":{"rendered":"http:\/\/www.sincomam.org.br\/?p=18097"},"modified":"2016-02-03T10:54:54","modified_gmt":"2016-02-03T12:54:54","slug":"dilma-defende-a-cpmf-e-e-vaiada-e-aplaudida-no-congresso","status":"publish","type":"post","link":"https:\/\/www.sincomam.org.br\/index.php\/dilma-defende-a-cpmf-e-e-vaiada-e-aplaudida-no-congresso\/","title":{"rendered":"Dilma defende a CPMF e \u00e9 vaiada e aplaudida no Congresso"},"content":{"rendered":"<p>A\u00a0<span><span><span>presidenta Dilma Rousseff disse aos senadores e deputados que pretende discutir com o Congresso Nacional a cria\u00e7\u00e3o de um &#8220;limite global&#8221; para o crescimento do gasto p\u00fablico e que ser\u00e1 necess\u00e1rio adotar &#8220;uma margem de flutua\u00e7\u00e3o do resultado fiscal para acomodar sua volatilidade&#8221;. Dilma compareceu nesta ter\u00e7a-feira ao Congresso para a abertura dos trabalhos legislativos de 2016 e defendeu tamb\u00e9m a recria\u00e7\u00e3o da Contribui\u00e7\u00e3o Provis\u00f3ria sobre Movimenta\u00e7\u00e3o Financeira (CPMF) para aumentar a arrecada\u00e7\u00e3o.<\/p>\n<p>Ao falar da CPMF, a presidente foi bastante vaiada por parte do Congresso. Em seguida, outra parte passou a aplaudir Dilma, mostrando divis\u00e3o quanto ao discurso. Tamb\u00e9m foi poss\u00edvel ver muitos deputados segurando cartazes com os dizeres &#8220;X\u00f4 CPMF&#8221;, em refer\u00eancia clara ao\u00a0imposto sobre contribui\u00e7\u00e3o financeira que o governo pretende retomar neste ano.<\/p>\n<p>Segundo a presidenta, no primeiro semestre deste ano, o governo pretende enviar propostas de reforma para an\u00e1lise dos parlamentares, dentre elas a reforma da Previd\u00eancia. Ao ler a mensagem com as prioridades do Executivo para este ano legislativo, ela informou que vai encaminhar uma proposta &#8220;exequ\u00edvel e justa para o brasileiro&#8221;. Dilma disse que pretende adotar medidas para construir uma agenda que permitir\u00e1 ao pa\u00eds passar do &#8220;ajuste fiscal para a reforma fiscal&#8221;. Com a leitura do texto, a presidenta indica que o governo vai defender a ado\u00e7\u00e3o de uma meta vari\u00e1vel para o super\u00e1vit fiscal, e que estuda a ado\u00e7\u00e3o de medidas para reduzir o gasto p\u00fablico.<br \/><\/span><\/span><\/span><\/p>\n<p class=\"text\">Ao explicar os motivos da necessidade desse tipo de reforma, ela ressaltou que a Previd\u00eancia precisa novamente ter sustentabilidade, &#8220;em um contexto de envelhecimento da popula\u00e7\u00e3o&#8221;. De acordo com a presidenta, o intuito \u00e9 enviar uma proposta que &#8220;aprimore a aposentadoria por idade e tempo de contribui\u00e7\u00e3o&#8221;.<\/p>\n<p><span>De acordo com Dilma, a proposta n\u00e3o visa a &#8220;tirar direitos dos trabalhadores&#8221;, e haver\u00e1 um ajuste gradual conforme a expectativa de vida da popula\u00e7\u00e3o. &#8220;A proposta ter\u00e1 como premissas o respeito aos direitos adquiridos, envolvendo adequado per\u00edodo de transi\u00e7\u00e3o&#8221;, afirmou.<\/span><\/p>\n<p>Fonte: Terra<\/p>\n<p><span><span><br \/><\/span><\/span><\/p>\n","protected":false},"excerpt":{"rendered":"<p>A\u00a0presidenta Dilma Rousseff disse aos senadores e deputados que pretende discutir com o Congresso Nacional a cria\u00e7\u00e3o de um &#8220;limite global&#8221; para o crescimento do&#8230;<\/p>\n","protected":false},"author":1182,"featured_media":18098,"comment_status":"closed","ping_status":"closed","sticky":false,"template":"","format":"standard","meta":{"footnotes":""},"categories":[6],"tags":[],"class_list":["post-18097","post","type-post","status-publish","format-standard","has-post-thumbnail","hentry","category-noticias"],"_links":{"self":[{"href":"https:\/\/www.sincomam.org.br\/index.php\/wp-json\/wp\/v2\/posts\/18097","targetHints":{"allow":["GET"]}}],"collection":[{"href":"https:\/\/www.sincomam.org.br\/index.php\/wp-json\/wp\/v2\/posts"}],"about":[{"href":"https:\/\/www.sincomam.org.br\/index.php\/wp-json\/wp\/v2\/types\/post"}],"author":[{"embeddable":true,"href":"https:\/\/www.sincomam.org.br\/index.php\/wp-json\/wp\/v2\/users\/1182"}],"replies":[{"embeddable":true,"href":"https:\/\/www.sincomam.org.br\/index.php\/wp-json\/wp\/v2\/comments?post=18097"}],"version-history":[{"count":1,"href":"https:\/\/www.sincomam.org.br\/index.php\/wp-json\/wp\/v2\/posts\/18097\/revisions"}],"predecessor-version":[{"id":18099,"href":"https:\/\/www.sincomam.org.br\/index.php\/wp-json\/wp\/v2\/posts\/18097\/revisions\/18099"}],"wp:featuredmedia":[{"embeddable":true,"href":"https:\/\/www.sincomam.org.br\/index.php\/wp-json\/wp\/v2\/media\/18098"}],"wp:attachment":[{"href":"https:\/\/www.sincomam.org.br\/index.php\/wp-json\/wp\/v2\/media?parent=18097"}],"wp:term":[{"taxonomy":"category","embeddable":true,"href":"https:\/\/www.sincomam.org.br\/index.php\/wp-json\/wp\/v2\/categories?post=18097"},{"taxonomy":"post_tag","embeddable":true,"href":"https:\/\/www.sincomam.org.br\/index.php\/wp-json\/wp\/v2\/tags?post=18097"}],"curies":[{"name":"wp","href":"https:\/\/api.w.org\/{rel}","templated":true}]}}