{"id":18093,"date":"2016-02-03T10:44:15","date_gmt":"2016-02-03T12:44:15","guid":{"rendered":"http:\/\/www.sincomam.org.br\/?p=18093"},"modified":"2016-02-03T10:44:15","modified_gmt":"2016-02-03T12:44:15","slug":"inflacao-da-baixa-renda-sobe-no-inicio-do-ano-puxada-por-tarifa-de-onibus","status":"publish","type":"post","link":"https:\/\/www.sincomam.org.br\/index.php\/inflacao-da-baixa-renda-sobe-no-inicio-do-ano-puxada-por-tarifa-de-onibus\/","title":{"rendered":"Infla\u00e7\u00e3o da baixa renda sobe no in\u00edcio do ano, puxada por tarifa de \u00f4nibus"},"content":{"rendered":"<p><span><span>A infla\u00e7\u00e3o come\u00e7ou 2016 mais forte para a popula\u00e7\u00e3o de baixa renda. O \u00cdndice de Pre\u00e7os ao Consumidor \u2013 Classe 1 (IPC-C1) ficou em 1,91% no primeiro m\u00eas do ano \u2013 quase o dobro da taxa de 0,97% registrada em dezembro.<br \/><\/span><\/span><\/p>\n<p>Em 12 meses, o IPC-C1 acumula alta de 11,42% \u2013 levemente abaixo da taxa de 11,52% registrada nos 12 meses encerrados em dezembro. O indicador mede a varia\u00e7\u00e3o de pre\u00e7os para fam\u00edlias com renda de at\u00e9 2,5 sal\u00e1rios m\u00ednimos mensais.<\/p>\n<p>De acordo com a Funda\u00e7\u00e3o Getulio Vargas (FGV), as altas nos pre\u00e7os das tarifas de \u00f4nibus e da conta de luz foram as que mais pesaram na infla\u00e7\u00e3o em janeiro: o primeiro item ficou em m\u00e9dia 6,11% mais caro, enquanto o segundo foi elevado em 2,53%.<\/p>\n<p>Tamb\u00e9m pesaram as altas verificadas nos pre\u00e7os do tomate (27,37%), da cebola (27,89%) e da batata inglesa (13,08%).<\/p>\n<p>Entre as classes de despesa, houve acelera\u00e7\u00e3o nas taxas de transportes (de 0,79% para 4,02%), alimenta\u00e7\u00e3o (de 1,94% para 2,63%), habita\u00e7\u00e3o (de 0,34% para 1,04%), educa\u00e7\u00e3o, leitura e recrea\u00e7\u00e3o (de 0,9% para 3,73%), despesas diversas (de 0,17% para 1,8%) e\u00a0 comunica\u00e7\u00e3o (0,06% para 0,34%).<\/p>\n<p>Em sentido contr\u00e1rio, ficaram menores apenas as taxas de vestu\u00e1rio (de 1,04% para 0,39%) e sa\u00fade e cuidados pessoais (de 0,49% para 0,38%).<\/p>\n<p>Fonte: Exame<\/p>\n","protected":false},"excerpt":{"rendered":"<p>A infla\u00e7\u00e3o come\u00e7ou 2016 mais forte para a popula\u00e7\u00e3o de baixa renda. O \u00cdndice de Pre\u00e7os ao Consumidor \u2013 Classe 1 (IPC-C1) ficou em 1,91%&#8230;<\/p>\n","protected":false},"author":1182,"featured_media":17996,"comment_status":"closed","ping_status":"closed","sticky":false,"template":"","format":"standard","meta":{"footnotes":""},"categories":[6],"tags":[],"class_list":["post-18093","post","type-post","status-publish","format-standard","has-post-thumbnail","hentry","category-noticias"],"_links":{"self":[{"href":"https:\/\/www.sincomam.org.br\/index.php\/wp-json\/wp\/v2\/posts\/18093","targetHints":{"allow":["GET"]}}],"collection":[{"href":"https:\/\/www.sincomam.org.br\/index.php\/wp-json\/wp\/v2\/posts"}],"about":[{"href":"https:\/\/www.sincomam.org.br\/index.php\/wp-json\/wp\/v2\/types\/post"}],"author":[{"embeddable":true,"href":"https:\/\/www.sincomam.org.br\/index.php\/wp-json\/wp\/v2\/users\/1182"}],"replies":[{"embeddable":true,"href":"https:\/\/www.sincomam.org.br\/index.php\/wp-json\/wp\/v2\/comments?post=18093"}],"version-history":[{"count":1,"href":"https:\/\/www.sincomam.org.br\/index.php\/wp-json\/wp\/v2\/posts\/18093\/revisions"}],"predecessor-version":[{"id":18094,"href":"https:\/\/www.sincomam.org.br\/index.php\/wp-json\/wp\/v2\/posts\/18093\/revisions\/18094"}],"wp:featuredmedia":[{"embeddable":true,"href":"https:\/\/www.sincomam.org.br\/index.php\/wp-json\/wp\/v2\/media\/17996"}],"wp:attachment":[{"href":"https:\/\/www.sincomam.org.br\/index.php\/wp-json\/wp\/v2\/media?parent=18093"}],"wp:term":[{"taxonomy":"category","embeddable":true,"href":"https:\/\/www.sincomam.org.br\/index.php\/wp-json\/wp\/v2\/categories?post=18093"},{"taxonomy":"post_tag","embeddable":true,"href":"https:\/\/www.sincomam.org.br\/index.php\/wp-json\/wp\/v2\/tags?post=18093"}],"curies":[{"name":"wp","href":"https:\/\/api.w.org\/{rel}","templated":true}]}}