{"id":18079,"date":"2016-02-02T10:29:53","date_gmt":"2016-02-02T12:29:53","guid":{"rendered":"http:\/\/www.sincomam.org.br\/?p=18079"},"modified":"2016-02-02T10:29:53","modified_gmt":"2016-02-02T12:29:53","slug":"dolar-impulsiona-taxa-longa-de-juros","status":"publish","type":"post","link":"https:\/\/www.sincomam.org.br\/index.php\/dolar-impulsiona-taxa-longa-de-juros\/","title":{"rendered":"D\u00f3lar impulsiona taxa longa de juros"},"content":{"rendered":"<p>Os juros futuros\u00a0longos abriram em alta nesta ter\u00e7a-feira, 2, acompanhando a valoriza\u00e7\u00e3o do d\u00f3lar ante o real, em meio ao ambiente externo de avers\u00e3o ao risco. Enquanto isso, a produ\u00e7\u00e3o industrial pior do que o esperado segura as taxas mais curtas.<\/p>\n<p>\u00c0s 9h30, a taxa do DI para julho de 2016 estava em 14,295%, de 14,285% no ajuste de segunda-feira. O DI para janeiro de 2017 mostrava 14,38%, de 14,40%.<\/p>\n<p>O contrato para 2018 indicava 14,94%, de 14,90%. E o DI para janeiro de 2021 apontava 15,69%, de 15,62%. O d\u00f3lar \u00e0 vista no balc\u00e3o subia 0,29%, a R$ 3,9792.<\/p>\n<p>O avan\u00e7o do d\u00f3lar ajuda a impulsionar os juros futuros, especialmente na ponta mais longa. Nos vencimentos mais curtos, o resultado ruim da produ\u00e7\u00e3o industrial refor\u00e7a rumores de um poss\u00edvel corte de juros j\u00e1 este ano.<\/p>\n<p>No lado dom\u00e9stico, o cen\u00e1rio pol\u00edtico est\u00e1 no foco, com o Congresso retomando nesta ter\u00e7a os trabalhos ap\u00f3s o recesso parlamentar. A cerim\u00f4nia de reabertura contar\u00e1 com a presen\u00e7a da presidente Dilma Rousseff.<\/p>\n<p>Enquanto isso, no radar econ\u00f4mico, o destaque \u00e9 a reuni\u00e3o do presidente do Banco Central, Alexandre Tombini, com miss\u00e3o da Moody&#8217;s, \u00faltima das tr\u00eas ag\u00eancias de classifica\u00e7\u00e3o de risco a manter o selo de grau de investimento do pa\u00eds.<\/p>\n<p>O IBGE divulgou na manh\u00e3 desta ter\u00e7a que a produ\u00e7\u00e3o industrial caiu 0,72% em dezembro ante novembro e fechou 2015 com retra\u00e7\u00e3o de 8,3%. O resultado no ano \u00e9 o pior desde o in\u00edcio da s\u00e9rie hist\u00f3rica, em 2003. Os analistas ouvidos pelo AE Proje\u00e7\u00f5es previam para o resultado na margem desde baixa de 1,80% at\u00e9 alta de 1,22%, com mediana de -0,10%. Para o ano, as proje\u00e7\u00f5es eram de queda de 8,00% a 8,40%, com mediana negativa de 8,30%.<\/p>\n<p>Os dados fracos, em tese, podem refor\u00e7ar as apostas de manuten\u00e7\u00e3o da Selic nas pr\u00f3ximas reuni\u00f5es do Comit\u00ea de Pol\u00edtica Monet\u00e1ria (Copom) e ainda realimentar discuss\u00f5es sobre eventuais cortes antes do fim do ano.<\/p>\n<p>Conforme o Broadcast (servi\u00e7o de not\u00edcias em tempo real da Ag\u00eancia Estado) informou na segunda, desde que o Copom decidiu mudar de rota a pol\u00edtica monet\u00e1ria e manter a taxa de juros no patamar de 14,25%, a torcida no governo passou a ser para que o Banco Central comece a apontar para queda dos juros ainda este ano.<\/p>\n<p>Fonte: Exame<\/p>\n","protected":false},"excerpt":{"rendered":"<p>Os juros futuros\u00a0longos abriram em alta nesta ter\u00e7a-feira, 2, acompanhando a valoriza\u00e7\u00e3o do d\u00f3lar ante o real, em meio ao ambiente externo de avers\u00e3o ao&#8230;<\/p>\n","protected":false},"author":1182,"featured_media":18080,"comment_status":"closed","ping_status":"closed","sticky":false,"template":"","format":"standard","meta":{"footnotes":""},"categories":[6],"tags":[],"class_list":["post-18079","post","type-post","status-publish","format-standard","has-post-thumbnail","hentry","category-noticias"],"_links":{"self":[{"href":"https:\/\/www.sincomam.org.br\/index.php\/wp-json\/wp\/v2\/posts\/18079","targetHints":{"allow":["GET"]}}],"collection":[{"href":"https:\/\/www.sincomam.org.br\/index.php\/wp-json\/wp\/v2\/posts"}],"about":[{"href":"https:\/\/www.sincomam.org.br\/index.php\/wp-json\/wp\/v2\/types\/post"}],"author":[{"embeddable":true,"href":"https:\/\/www.sincomam.org.br\/index.php\/wp-json\/wp\/v2\/users\/1182"}],"replies":[{"embeddable":true,"href":"https:\/\/www.sincomam.org.br\/index.php\/wp-json\/wp\/v2\/comments?post=18079"}],"version-history":[{"count":1,"href":"https:\/\/www.sincomam.org.br\/index.php\/wp-json\/wp\/v2\/posts\/18079\/revisions"}],"predecessor-version":[{"id":18081,"href":"https:\/\/www.sincomam.org.br\/index.php\/wp-json\/wp\/v2\/posts\/18079\/revisions\/18081"}],"wp:featuredmedia":[{"embeddable":true,"href":"https:\/\/www.sincomam.org.br\/index.php\/wp-json\/wp\/v2\/media\/18080"}],"wp:attachment":[{"href":"https:\/\/www.sincomam.org.br\/index.php\/wp-json\/wp\/v2\/media?parent=18079"}],"wp:term":[{"taxonomy":"category","embeddable":true,"href":"https:\/\/www.sincomam.org.br\/index.php\/wp-json\/wp\/v2\/categories?post=18079"},{"taxonomy":"post_tag","embeddable":true,"href":"https:\/\/www.sincomam.org.br\/index.php\/wp-json\/wp\/v2\/tags?post=18079"}],"curies":[{"name":"wp","href":"https:\/\/api.w.org\/{rel}","templated":true}]}}