{"id":18075,"date":"2016-02-02T00:40:02","date_gmt":"2016-02-02T02:40:02","guid":{"rendered":"http:\/\/www.sincomam.org.br\/?p=18075"},"modified":"2016-02-02T00:02:47","modified_gmt":"2016-02-02T02:02:47","slug":"balanca-comercial-tem-1o-superavit-para-meses-de-janeiro-em-cinco-anos","status":"publish","type":"post","link":"https:\/\/www.sincomam.org.br\/index.php\/balanca-comercial-tem-1o-superavit-para-meses-de-janeiro-em-cinco-anos\/","title":{"rendered":"Balan\u00e7a comercial tem 1\u00ba super\u00e1vit para meses de janeiro em cinco anos"},"content":{"rendered":"<p>As exporta\u00e7\u00f5es superaram as compras do exterior, resultando em super\u00e1vit da balan\u00e7a comercial brasileira, em US$ 923 milh\u00f5es em janeiro deste ano, informou o Minist\u00e9rio do Desenvolvimento, Ind\u00fastria e Com\u00e9rcio Exterior (MDIC).<\/p>\n<p>Foi o primeiro saldo positivo para meses de janeiro desde 2011. Entre 2012 e 2015, houve d\u00e9ficit comercial em janeiro. No mesmo m\u00eas de 2015, foi registrado um d\u00e9ficit de US$ 3,17 bilh\u00f5es<a href=\"http:\/\/g1.globo.com\/economia\/noticia\/2015\/02\/balanca-comercial-tem-deficit-de-us-317-bilhoes-em-janeiro.html\">.<\/a>\u00a0O resultado de janeiro deste ano tamb\u00e9m representou o melhor saldo para meses de janeiro desde 2007, isto \u00e9, em nove anos, ainda segundo n\u00fameros oficiais.<\/p>\n<p><strong>Exporta\u00e7\u00f5es e importa\u00e7\u00f5es em janeiro<\/strong><br \/>O saldo da balan\u00e7a no m\u00eas \u00e9 positivo, mas n\u00e3o significa que as exporta\u00e7\u00f5es foram bem: o super\u00e1vit \u00e9 resultado, principalmente, de uma queda mais forte nas importa\u00e7\u00f5es, influenciadas pela forte alta do d\u00f3lar e pelo menor n\u00edvel de atividade econ\u00f4mica. Por conta da melhora das chuvas, houve tamb\u00e9m um uso menor das usinas t\u00e9rmicas e, com isso, uma queda na importa\u00e7\u00e3o de g\u00e1s e de diesel do exterior.<\/p>\n<p>&#8220;H\u00e1 uma queda tanto de importa\u00e7\u00f5es quanto de exporta\u00e7\u00f5es. E, no resultado, h\u00e1 um super\u00e1vit da balan\u00e7a comercial. A queda de exporta\u00e7\u00e3o \u00e9 um fen\u00f4meno causado pela redu\u00e7\u00e3o dos pre\u00e7os, enquanto as quantidades sobem. Na importa\u00e7\u00e3o, quantidade e pre\u00e7o ca\u00edram. Isso es\u00e1 ligado ao c\u00e2mbio [d\u00f3lar alto] e \u00e0 demanda interna [menor atividade, com o pa\u00eds em recess\u00e3o]. H\u00e1 uma menor demanda por\u00a0 bens importados&#8221;, avaliou o diretor do Departamento de Estat\u00edstica e Apoio \u00e0 Exporta\u00e7\u00e3o do Minist\u00e9rio do Desenvolvimento, Herlon Brand\u00e3o.<\/p>\n<p>Segundo o governo, as vendas ao exterior somaram US$ 11,24 bilh\u00f5es em janeiro e, com isso, tiveram uma queda de 13,8% sobre janeiro de 2015. A m\u00e9dia di\u00e1ria de exporta\u00e7\u00f5es somou US$ 562 milh\u00f5es, a menor para meses de janeiro desde 2009 (US$ 465 milh\u00f5es). As tr\u00eas categorias de produtos (b\u00e1sicos, manufaturados e semi manufaturados) registraram retra\u00e7\u00e3o de vendas no primeiro m\u00eas deste ano.<\/p>\n<p>Os dados do governo mostram que as importa\u00e7\u00f5es recuaram muito mais no primeiro m\u00eas deste ano, 35,8%, na compara\u00e7\u00e3o com janeiro de 2015, para US$ 10,32 bilh\u00f5es. A m\u00e9dia di\u00e1ria de importa\u00e7\u00f5es, que \u00e9 a principal forma hist\u00f3rica de compara\u00e7\u00e3o, somou US$ 516 milh\u00f5es em janeiro, o valor mais baixo para este m\u00eas desde 2009 (US$ 491 milh\u00f5es).<\/p>\n<p><strong>Resultado de 2015<\/strong><br \/>No ano passado, ainda de acordo com informa\u00e7\u00f5es do governo, o saldo positivo (super\u00e1vit) das transa\u00e7\u00f5es comerciais do Brasil com o resto do mundo somou US$ 19,69 bilh\u00f5es. Foi o maior valor para um ano fechado desde 2011, quando o super\u00e1vit comercial somou US$ 29,79 bilh\u00f5es.<\/p>\n<p>O resultado foi influenciado pelo baixo n\u00edvel de atividade. Com a economia brasileira em recess\u00e3o e o d\u00f3lar alto, as importa\u00e7\u00f5es desabaram 24,3% em 2015. D\u00f3lar alto torna as vendas externas mais baratas e as importa\u00e7\u00f5es mais caras.<\/p>\n<p>Ainda segundo n\u00fameros oficiais, a melhora da balan\u00e7a comercial em 2015 tamb\u00e9m foi influenciada pela queda do pre\u00e7o do petr\u00f3leo. Como o Brasil mais importa do que vende petr\u00f3leo ao exterior, o recuo do pre\u00e7o favoreceu a melhora do saldo comercial do pa\u00eds.<\/p>\n<p><strong>Estimativas do mercado e do BC para 2016<\/strong><br \/>A expectativa do mercado financeiro para este ano \u00e9 de melhora do saldo comercial, segundo pesquisa realizada pelo Banco Central com mais de 100 institui\u00e7\u00f5es financeiras na semana passada. O pr\u00f3prio BC tamb\u00e9m prev\u00ea melhora no saldo comercial.<\/p>\n<p>A previs\u00e3o dos analistas dos bancos \u00e9 de um super\u00e1vit de US$ 37,9 bilh\u00f5es nas transa\u00e7\u00f5es comerciais do pa\u00eds com o exterior para 2016. At\u00e9 o momento, o Minist\u00e9rio do Desenvolvimento estima um super\u00e1vit de cerca de US$ 35 bilh\u00f5es neste ano.<\/p>\n<p>J\u00e1 o Banco Central prev\u00ea um super\u00e1vit da balan\u00e7a comercial de US$ 30 bilh\u00f5es para este ano, com exporta\u00e7\u00f5es em US$ 190 bilh\u00f5es e compras do exterior no valor de US$ 160 bilh\u00f5es.<\/p>\n<p>Fonte: Globo.com<\/p>\n","protected":false},"excerpt":{"rendered":"<p>As exporta\u00e7\u00f5es superaram as compras do exterior, resultando em super\u00e1vit da balan\u00e7a comercial brasileira, em US$ 923 milh\u00f5es em janeiro deste ano, informou o Minist\u00e9rio&#8230;<\/p>\n","protected":false},"author":1182,"featured_media":17996,"comment_status":"closed","ping_status":"closed","sticky":false,"template":"","format":"standard","meta":{"footnotes":""},"categories":[6],"tags":[],"class_list":["post-18075","post","type-post","status-publish","format-standard","has-post-thumbnail","hentry","category-noticias"],"_links":{"self":[{"href":"https:\/\/www.sincomam.org.br\/index.php\/wp-json\/wp\/v2\/posts\/18075","targetHints":{"allow":["GET"]}}],"collection":[{"href":"https:\/\/www.sincomam.org.br\/index.php\/wp-json\/wp\/v2\/posts"}],"about":[{"href":"https:\/\/www.sincomam.org.br\/index.php\/wp-json\/wp\/v2\/types\/post"}],"author":[{"embeddable":true,"href":"https:\/\/www.sincomam.org.br\/index.php\/wp-json\/wp\/v2\/users\/1182"}],"replies":[{"embeddable":true,"href":"https:\/\/www.sincomam.org.br\/index.php\/wp-json\/wp\/v2\/comments?post=18075"}],"version-history":[{"count":1,"href":"https:\/\/www.sincomam.org.br\/index.php\/wp-json\/wp\/v2\/posts\/18075\/revisions"}],"predecessor-version":[{"id":18076,"href":"https:\/\/www.sincomam.org.br\/index.php\/wp-json\/wp\/v2\/posts\/18075\/revisions\/18076"}],"wp:featuredmedia":[{"embeddable":true,"href":"https:\/\/www.sincomam.org.br\/index.php\/wp-json\/wp\/v2\/media\/17996"}],"wp:attachment":[{"href":"https:\/\/www.sincomam.org.br\/index.php\/wp-json\/wp\/v2\/media?parent=18075"}],"wp:term":[{"taxonomy":"category","embeddable":true,"href":"https:\/\/www.sincomam.org.br\/index.php\/wp-json\/wp\/v2\/categories?post=18075"},{"taxonomy":"post_tag","embeddable":true,"href":"https:\/\/www.sincomam.org.br\/index.php\/wp-json\/wp\/v2\/tags?post=18075"}],"curies":[{"name":"wp","href":"https:\/\/api.w.org\/{rel}","templated":true}]}}