{"id":18066,"date":"2016-02-02T00:30:59","date_gmt":"2016-02-02T02:30:59","guid":{"rendered":"http:\/\/www.sincomam.org.br\/?p=18066"},"modified":"2016-02-01T23:43:51","modified_gmt":"2016-02-02T01:43:51","slug":"bc-pode-ter-espaco-para-cortar-selic-ate-fim-deste-ano","status":"publish","type":"post","link":"https:\/\/www.sincomam.org.br\/index.php\/bc-pode-ter-espaco-para-cortar-selic-ate-fim-deste-ano\/","title":{"rendered":"BC pode ter espa\u00e7o para cortar Selic at\u00e9 fim deste ano"},"content":{"rendered":"<p>As autoridades brasileiras n\u00e3o descartam um corte na taxa b\u00e1sica de juros ainda este ano, caso a recess\u00e3o reduza a press\u00e3o sobre os pre\u00e7os\u00a0ao consumidor, disse uma fonte da equipe econ\u00f4mica da presidente Dilma Rousseff.\u00a0<\/p>\n<p>Seria o primeiro corte de taxas de juros desde 2012.<\/p>\n<p>Em 2015, o Banco Central elevou a taxa b\u00e1sica de juros para combater a infla\u00e7\u00e3o.<\/p>\n<p>Apesar de previs\u00e3o de investidores de mais altas de juros, o Banco Central manteve a taxa Selic inalterada, em 14,25 por cento, nas \u00faltimas quatro reuni\u00f5es.<\/p>\n<p>Por ora, o BC sinaliza a manuten\u00e7\u00e3o da Selic e ainda \u00e9 cedo para prever quando e em qual dire\u00e7\u00e3o a Selic ser\u00e1 alterada, disse a fonte, que n\u00e3o pode ser identificada porque as discuss\u00f5es s\u00e3o internas.<\/p>\n<p>Fatores dom\u00e9sticos e internacionais devem provocar uma desacelera\u00e7\u00e3o da infla\u00e7\u00e3o nos pr\u00f3ximos meses e podem diminuir a press\u00e3o por alta de juros, disse a fonte. Entre esses fatores est\u00e3o o arrefecimento da alta de pre\u00e7os administrados pelo governo brasileiro e uma desacelera\u00e7\u00e3o econ\u00f4mica na China.<\/p>\n<p>\u201cO mercado est\u00e1 come\u00e7ando a perceber que a situa\u00e7\u00e3o externa n\u00e3o permitir\u00e1 ao Banco Central aumentar os juros\u201d, disse Andr\u00e9 Perfeito, economista-chefe da corretora Gradual Cctvm ,com sede em S\u00e3o Paulo. \u201cEu espero um corte da Selic em outubro\u201d.<\/p>\n<p><strong>Taxas<\/strong><\/p>\n<p>Os contratos futuros de juros DI com vencimento em janeiro de 2017 ca\u00edram19 pontos-base do pico registrado nesta segunda-feira, para 14,44 por cento, ap\u00f3s a divulga\u00e7\u00e3o dos coment\u00e1rios. Investidores reduziram as apostas de que o BC vai subiros juros neste ano.<\/p>\n<p>Operadores de mercado e economistas foram surpreendidos no m\u00eas passado, quando o BC manteve a Selic sem altera\u00e7\u00e3o. Desde ent\u00e3o, os analistas mudaram suas previs\u00f5es de uma alta para nenhuma mudan\u00e7a nos juros neste ano, de acordo com pesquisa semanal do BC.<\/p>\n<p>As expectativas para os pre\u00e7os ao consumidor tamb\u00e9m mudaram desde a decis\u00e3o inesperada do banco central. Os analistas estimam que a infla\u00e7\u00e3o se manter\u00e1 acima do teto da meta, de 6,5 por cento, em 2016. A infla\u00e7\u00e3o atingiu dois d\u00edgitos em 2015 pela primeira vez em mais de uma d\u00e9cada, chegando a 10,67 por cento.<\/p>\n<p>O governo aposta na desacelera\u00e7\u00e3o da infla\u00e7\u00e3o ao longo do ano e estima que ela possa ficar abaixo do teto da meta, de 6,5 por cento, disse a fonte. O atual ritmo de aumentos dos custos n\u00e3o pode ser considerado um fracasso por causa da deprecia\u00e7\u00e3o do real e da disparada nos pre\u00e7os administrados no ano passado, disse a fonte.<\/p>\n<p>O BC n\u00e3o quis comentar sobre as taxas de juros ap\u00f3s ser procurado por e-mail.<\/p>\n<p>Fonte: Exame<\/p>\n","protected":false},"excerpt":{"rendered":"<p>As autoridades brasileiras n\u00e3o descartam um corte na taxa b\u00e1sica de juros ainda este ano, caso a recess\u00e3o reduza a press\u00e3o sobre os pre\u00e7os\u00a0ao consumidor,&#8230;<\/p>\n","protected":false},"author":1182,"featured_media":18067,"comment_status":"closed","ping_status":"closed","sticky":false,"template":"","format":"standard","meta":{"footnotes":""},"categories":[6],"tags":[],"class_list":["post-18066","post","type-post","status-publish","format-standard","has-post-thumbnail","hentry","category-noticias"],"_links":{"self":[{"href":"https:\/\/www.sincomam.org.br\/index.php\/wp-json\/wp\/v2\/posts\/18066","targetHints":{"allow":["GET"]}}],"collection":[{"href":"https:\/\/www.sincomam.org.br\/index.php\/wp-json\/wp\/v2\/posts"}],"about":[{"href":"https:\/\/www.sincomam.org.br\/index.php\/wp-json\/wp\/v2\/types\/post"}],"author":[{"embeddable":true,"href":"https:\/\/www.sincomam.org.br\/index.php\/wp-json\/wp\/v2\/users\/1182"}],"replies":[{"embeddable":true,"href":"https:\/\/www.sincomam.org.br\/index.php\/wp-json\/wp\/v2\/comments?post=18066"}],"version-history":[{"count":1,"href":"https:\/\/www.sincomam.org.br\/index.php\/wp-json\/wp\/v2\/posts\/18066\/revisions"}],"predecessor-version":[{"id":18068,"href":"https:\/\/www.sincomam.org.br\/index.php\/wp-json\/wp\/v2\/posts\/18066\/revisions\/18068"}],"wp:featuredmedia":[{"embeddable":true,"href":"https:\/\/www.sincomam.org.br\/index.php\/wp-json\/wp\/v2\/media\/18067"}],"wp:attachment":[{"href":"https:\/\/www.sincomam.org.br\/index.php\/wp-json\/wp\/v2\/media?parent=18066"}],"wp:term":[{"taxonomy":"category","embeddable":true,"href":"https:\/\/www.sincomam.org.br\/index.php\/wp-json\/wp\/v2\/categories?post=18066"},{"taxonomy":"post_tag","embeddable":true,"href":"https:\/\/www.sincomam.org.br\/index.php\/wp-json\/wp\/v2\/tags?post=18066"}],"curies":[{"name":"wp","href":"https:\/\/api.w.org\/{rel}","templated":true}]}}