{"id":18034,"date":"2016-02-01T07:59:33","date_gmt":"2016-02-01T09:59:33","guid":{"rendered":"http:\/\/www.sincomam.org.br\/?p=18034"},"modified":"2016-02-01T07:59:33","modified_gmt":"2016-02-01T09:59:33","slug":"bunge-diz-que-expansao-do-acucar-no-brasil-pode-vir-mais-tarde-do-que-necessidades-do-mercado","status":"publish","type":"post","link":"https:\/\/www.sincomam.org.br\/index.php\/bunge-diz-que-expansao-do-acucar-no-brasil-pode-vir-mais-tarde-do-que-necessidades-do-mercado\/","title":{"rendered":"Bunge diz que expans\u00e3o do a\u00e7\u00facar no Brasil pode vir mais tarde do que necessidades do mercado"},"content":{"rendered":"<p>A \u00a0ind\u00fastria de a\u00e7\u00facar do Brasil\u00a0vai se expandir para ajudar a preencher um d\u00e9ficit de abastecimento global, mas esse processo pode levar mais tempo do que o esperado, afirmou neste domingo o presidente-executivo da multinacional\u00a0Bunge.<\/p>\n<p>Cerca de 70 usinas de a\u00e7\u00facar brasileiras entraram com pedido de prote\u00e7\u00e3o contra credores nos \u00faltimos tr\u00eas anos conforme um longo per\u00edodo de pre\u00e7os baixos do a\u00e7\u00facar pressionou as margens de lucro.<\/p>\n<p>O mercado mundial de a\u00e7\u00facar, no entanto, est\u00e1 agora mudando para o d\u00e9ficit em 2015\/16 ap\u00f3s quatro anos de excedentes, impulsionado em grande parte pelo consumo mundial maior que o esperado, veem operadores e analistas.<\/p>\n<p>&#8220;A ind\u00fastria (de a\u00e7\u00facar e etanol derivado de cana-de a\u00e7\u00facar) do Brasil est\u00e1 em um ponto de virada e a caminho de tempos melhores,&#8221; disse Soren Schroder, presidente da empresa que est\u00e1 entre as l\u00edderes no processamento de cana do Brasil, em painel na Confer\u00eancia Sugar Dubai.<\/p>\n<p>O Brasil era o \u00fanico fornecedor com o potencial para preencher o hiato de demanda, mas para isso seria necess\u00e1rio aumentar a moagem anual em mais de 200 milh\u00f5es de toneladas at\u00e9 2025.<\/p>\n<p>&#8220;N\u00f3s podemos argumentar que \u00e9 a incerteza dos \u00faltimos 7-8 anos far\u00e1 ser muito dif\u00edcil conseguir essa expans\u00e3o&#8221;, disse Schroder.<\/p>\n<p>&#8220;O setor \u00e9 muito fr\u00e1gil &#8230; Ela precisa de um per\u00edodo de estabilidade para atender a essa expans\u00e3o.&#8221;<\/p>\n<p>Fonte: Revista \u00c9poca Neg\u00f3cios<\/p>\n","protected":false},"excerpt":{"rendered":"<p>A \u00a0ind\u00fastria de a\u00e7\u00facar do Brasil\u00a0vai se expandir para ajudar a preencher um d\u00e9ficit de abastecimento global, mas esse processo pode levar mais tempo do&#8230;<\/p>\n","protected":false},"author":1182,"featured_media":18035,"comment_status":"closed","ping_status":"closed","sticky":false,"template":"","format":"standard","meta":{"footnotes":""},"categories":[6],"tags":[],"class_list":["post-18034","post","type-post","status-publish","format-standard","has-post-thumbnail","hentry","category-noticias"],"_links":{"self":[{"href":"https:\/\/www.sincomam.org.br\/index.php\/wp-json\/wp\/v2\/posts\/18034","targetHints":{"allow":["GET"]}}],"collection":[{"href":"https:\/\/www.sincomam.org.br\/index.php\/wp-json\/wp\/v2\/posts"}],"about":[{"href":"https:\/\/www.sincomam.org.br\/index.php\/wp-json\/wp\/v2\/types\/post"}],"author":[{"embeddable":true,"href":"https:\/\/www.sincomam.org.br\/index.php\/wp-json\/wp\/v2\/users\/1182"}],"replies":[{"embeddable":true,"href":"https:\/\/www.sincomam.org.br\/index.php\/wp-json\/wp\/v2\/comments?post=18034"}],"version-history":[{"count":1,"href":"https:\/\/www.sincomam.org.br\/index.php\/wp-json\/wp\/v2\/posts\/18034\/revisions"}],"predecessor-version":[{"id":18036,"href":"https:\/\/www.sincomam.org.br\/index.php\/wp-json\/wp\/v2\/posts\/18034\/revisions\/18036"}],"wp:featuredmedia":[{"embeddable":true,"href":"https:\/\/www.sincomam.org.br\/index.php\/wp-json\/wp\/v2\/media\/18035"}],"wp:attachment":[{"href":"https:\/\/www.sincomam.org.br\/index.php\/wp-json\/wp\/v2\/media?parent=18034"}],"wp:term":[{"taxonomy":"category","embeddable":true,"href":"https:\/\/www.sincomam.org.br\/index.php\/wp-json\/wp\/v2\/categories?post=18034"},{"taxonomy":"post_tag","embeddable":true,"href":"https:\/\/www.sincomam.org.br\/index.php\/wp-json\/wp\/v2\/tags?post=18034"}],"curies":[{"name":"wp","href":"https:\/\/api.w.org\/{rel}","templated":true}]}}