{"id":18024,"date":"2016-02-01T07:34:31","date_gmt":"2016-02-01T09:34:31","guid":{"rendered":"http:\/\/www.sincomam.org.br\/?p=18024"},"modified":"2016-02-01T07:34:31","modified_gmt":"2016-02-01T09:34:31","slug":"oms-estuda-declarar-emergencia-mundial-pelo-virus-zika","status":"publish","type":"post","link":"https:\/\/www.sincomam.org.br\/index.php\/oms-estuda-declarar-emergencia-mundial-pelo-virus-zika\/","title":{"rendered":"OMS estuda declarar emerg\u00eancia mundial pelo v\u00edrus zika"},"content":{"rendered":"<p>A Organiza\u00e7\u00e3o Mundial da Sa\u00fade (OMS) avaliar\u00e1 nesta segunda-feira (1\u00ba) em\u00a0<span class=\"premium-tip\">Genebra<\/span>\u00a0se o v\u00edrus zika, que pode ser o respons\u00e1vel pela multiplica\u00e7\u00e3o das malforma\u00e7\u00f5es cong\u00eanitas na Am\u00e9rica Latina, deve ser considerado uma emerg\u00eancia de sa\u00fade p\u00fablica internacional.<\/p>\n<p>Embora os sintomas do v\u00edrus transmitido pelo mosquito Aedes Aegypti sejam de escassa gravidade, surgiram ind\u00edcios que o vinculam ao n\u00famero excepcionalmente elevado de casos de beb\u00eas que nascem com microcefalia, particularmente no Brasil.<\/p>\n<p>&#8220;Apesar de ainda n\u00e3o ter sido estabelecida uma rela\u00e7\u00e3o causal entre o v\u00edrus zika e as malforma\u00e7\u00f5es cong\u00eanitas e s\u00edndromes neurol\u00f3gicas, h\u00e1 fortes motivos para suspeitar de sua exist\u00eancia&#8221;, afirmou na semana passada a diretora geral da OMS, Margaret Chan, ao anunciar a convoca\u00e7\u00e3o de um Comit\u00ea de Emerg\u00eancia da ag\u00eancia da ONU.<\/p>\n<p>Chan se referia a s\u00edndrome de Guillain-Barr\u00e9, um problema no qual o sistema imunol\u00f3gico ataca o sistema nervoso, chegando a provocar paralisia em alguns casos.<\/p>\n<p>O Brasil fez um alerta em outubro sobre um n\u00famero elevado de nascimentos de crian\u00e7as com microcefalia na regi\u00e3o Nordeste. Atualmente h\u00e1 270 casos confirmados e 3.449 em estudo, contra 147 em 2014.<\/p>\n<p>O Brasil notificou em maio de 2015 o primeiro caso de doen\u00e7a pelo v\u00edrus zika. Desde ent\u00e3o, &#8220;a doen\u00e7a se propagou no pa\u00eds e tamb\u00e9m em outros 22 pa\u00edses da regi\u00e3o&#8221;, aponta a OMS.<\/p>\n<p>Com mais de 1,5 milh\u00e3o de cont\u00e1gios desde abril, o Brasil \u00e9 o pa\u00eds mais afetado pelo v\u00edrus, seguido pela\u00a0Col\u00f4mbia, que no s\u00e1bado anunciou mais de 20.000 casos, 2.000 deles em mulheres gr\u00e1vidas.<\/p>\n<p>O alerta tamb\u00e9m soou na Europa e Estados Unidos, onde o v\u00edrus foi detectado em dezenas de pessoas que viajaram ao exterior.<\/p>\n<p>Fonte: Globo.com<\/p>\n","protected":false},"excerpt":{"rendered":"<p>A Organiza\u00e7\u00e3o Mundial da Sa\u00fade (OMS) avaliar\u00e1 nesta segunda-feira (1\u00ba) em\u00a0Genebra\u00a0se o v\u00edrus zika, que pode ser o respons\u00e1vel pela multiplica\u00e7\u00e3o das malforma\u00e7\u00f5es cong\u00eanitas na&#8230;<\/p>\n","protected":false},"author":1182,"featured_media":18025,"comment_status":"closed","ping_status":"closed","sticky":false,"template":"","format":"standard","meta":{"footnotes":""},"categories":[6],"tags":[],"class_list":["post-18024","post","type-post","status-publish","format-standard","has-post-thumbnail","hentry","category-noticias"],"_links":{"self":[{"href":"https:\/\/www.sincomam.org.br\/index.php\/wp-json\/wp\/v2\/posts\/18024","targetHints":{"allow":["GET"]}}],"collection":[{"href":"https:\/\/www.sincomam.org.br\/index.php\/wp-json\/wp\/v2\/posts"}],"about":[{"href":"https:\/\/www.sincomam.org.br\/index.php\/wp-json\/wp\/v2\/types\/post"}],"author":[{"embeddable":true,"href":"https:\/\/www.sincomam.org.br\/index.php\/wp-json\/wp\/v2\/users\/1182"}],"replies":[{"embeddable":true,"href":"https:\/\/www.sincomam.org.br\/index.php\/wp-json\/wp\/v2\/comments?post=18024"}],"version-history":[{"count":1,"href":"https:\/\/www.sincomam.org.br\/index.php\/wp-json\/wp\/v2\/posts\/18024\/revisions"}],"predecessor-version":[{"id":18026,"href":"https:\/\/www.sincomam.org.br\/index.php\/wp-json\/wp\/v2\/posts\/18024\/revisions\/18026"}],"wp:featuredmedia":[{"embeddable":true,"href":"https:\/\/www.sincomam.org.br\/index.php\/wp-json\/wp\/v2\/media\/18025"}],"wp:attachment":[{"href":"https:\/\/www.sincomam.org.br\/index.php\/wp-json\/wp\/v2\/media?parent=18024"}],"wp:term":[{"taxonomy":"category","embeddable":true,"href":"https:\/\/www.sincomam.org.br\/index.php\/wp-json\/wp\/v2\/categories?post=18024"},{"taxonomy":"post_tag","embeddable":true,"href":"https:\/\/www.sincomam.org.br\/index.php\/wp-json\/wp\/v2\/tags?post=18024"}],"curies":[{"name":"wp","href":"https:\/\/api.w.org\/{rel}","templated":true}]}}