{"id":18017,"date":"2016-01-29T08:50:21","date_gmt":"2016-01-29T10:50:21","guid":{"rendered":"http:\/\/www.sincomam.org.br\/?p=18017"},"modified":"2016-01-29T08:50:21","modified_gmt":"2016-01-29T10:50:21","slug":"confianca-dos-empresarios-do-setor-de-servicos-aumenta-em-janeiro","status":"publish","type":"post","link":"https:\/\/www.sincomam.org.br\/index.php\/confianca-dos-empresarios-do-setor-de-servicos-aumenta-em-janeiro\/","title":{"rendered":"Confian\u00e7a dos empres\u00e1rios do setor de servi\u00e7os aumenta em janeiro"},"content":{"rendered":"<p>Os empres\u00e1rios do setor de servi\u00e7os come\u00e7aram o ano mais confiantes, segundo indicador da Funda\u00e7\u00e3o Getulio Vargas (FGV). O \u00cdndice de Confian\u00e7a de Servi\u00e7os (ICS) subiu 2,8 pontos entre dezembro e janeiro, ao passar de 67,6 para 70,4 pontos.<\/p>\n<p>Em janeiro, a avalia\u00e7\u00e3o positiva atingiu em 11 das 13 atividades pesquisadas e foi determinado tanto pelas avalia\u00e7\u00f5es sobre o momento presente quanto pelas expectativas em rela\u00e7\u00e3o aos meses seguintes.<\/p>\n<p>O \u00cdndice da Situa\u00e7\u00e3o Atual (ISA-S), que integra o c\u00e1lculo do ICS, subiu 4,3 pontos e o \u00cdndice de Expectativas (IE-S) avan\u00e7ou 1,2 ponto.<\/p>\n<p>\u201cNesse in\u00edcio de ano os indicadores informam uma redu\u00e7\u00e3o do pessimismo nas empresas de Servi\u00e7os.\u00a0 No entanto, se de um lado ampliam-se os sinais de que o auge da queda na curva de confian\u00e7a tenha ficado para tr\u00e1s, de outro \u00e9 poss\u00edvel perceber que h\u00e1 claro predom\u00ednio de uma percep\u00e7\u00e3o ainda muito negativa sobre o andamento dos neg\u00f3cios, expressa sobretudo na continuidade da inten\u00e7\u00e3o das empresas em prosseguir o ajuste do n\u00edvel de emprego do setor \u00e0s novas condi\u00e7\u00f5es da demanda\u201d, avalia Silvio Sales, consultor da FGV\/IBRE.<\/p>\n<p><strong>Ind\u00fastria<\/strong><br \/>O \u00cdndice de Confian\u00e7a da Ind\u00fastria (ICI) avan\u00e7ou 2,6 pontos em janeiro e iniciou o ano com melhora principalmente sobre a vis\u00e3o da situa\u00e7\u00e3o atual, de acordo com dados da FGV.<\/p>\n<p>O ICI atingiu 78,0 pontos em janeiro, maior n\u00edvel desde mar\u00e7o de 2015, gra\u00e7as principalmente \u00e0 alta de 3,5 pontos do \u00cdndice da Situa\u00e7\u00e3o Atual (ISA), para 78,5 pontos.<\/p>\n<p>O \u00cdndice de Expectativas (IE) tamb\u00e9m apresentou melhora, de 1,6 ponto, para 77,9 pontos.<\/p>\n<p>&#8220;A alta mais expressiva do ICI em janeiro decorre principalmente de avan\u00e7os no processo de normaliza\u00e7\u00e3o de estoques do setor, \u00e0s custas da manuten\u00e7\u00e3o de n\u00edveis muito baixos de utiliza\u00e7\u00e3o da capacidade produtiva&#8221;, explicou o superintendente-adjunto para ciclos econ\u00f4micos da FGV\/IBRE, Aloisio Campelo Jr.<\/p>\n<p>&#8220;Associado \u00e0 percep\u00e7\u00e3o de estabiliza\u00e7\u00e3o do n\u00edvel de demanda, este ajuste de estoques tem colaborado para reduzir o pessimismo, sugerindo um cen\u00e1rio de atenua\u00e7\u00e3o das taxas de queda da produ\u00e7\u00e3o industrial nos pr\u00f3ximos meses&#8221;, completou.<\/p>\n<p>Por sua vez, o N\u00edvel de Utiliza\u00e7\u00e3o da Capacidade Instalada teve recuo de 1,1 ponto percentual e foi a 73,9 por cento em janeiro sobre o m\u00eas anterior, menor n\u00edvel da s\u00e9rie hist\u00f3rica iniciada em 2001.<\/p>\n<p>A produ\u00e7\u00e3o industrial brasileira deve ter encerrado 2015 com queda de mais de 8 por cento depois de ter recuado 2,4 por cento em novembro na compara\u00e7\u00e3o com outubro.<\/p>\n<p>Fonte: Jornal O Globo<\/p>\n","protected":false},"excerpt":{"rendered":"<p>Os empres\u00e1rios do setor de servi\u00e7os come\u00e7aram o ano mais confiantes, segundo indicador da Funda\u00e7\u00e3o Getulio Vargas (FGV). O \u00cdndice de Confian\u00e7a de Servi\u00e7os (ICS)&#8230;<\/p>\n","protected":false},"author":1182,"featured_media":18019,"comment_status":"closed","ping_status":"closed","sticky":false,"template":"","format":"standard","meta":{"footnotes":""},"categories":[6],"tags":[],"class_list":["post-18017","post","type-post","status-publish","format-standard","has-post-thumbnail","hentry","category-noticias"],"_links":{"self":[{"href":"https:\/\/www.sincomam.org.br\/index.php\/wp-json\/wp\/v2\/posts\/18017","targetHints":{"allow":["GET"]}}],"collection":[{"href":"https:\/\/www.sincomam.org.br\/index.php\/wp-json\/wp\/v2\/posts"}],"about":[{"href":"https:\/\/www.sincomam.org.br\/index.php\/wp-json\/wp\/v2\/types\/post"}],"author":[{"embeddable":true,"href":"https:\/\/www.sincomam.org.br\/index.php\/wp-json\/wp\/v2\/users\/1182"}],"replies":[{"embeddable":true,"href":"https:\/\/www.sincomam.org.br\/index.php\/wp-json\/wp\/v2\/comments?post=18017"}],"version-history":[{"count":1,"href":"https:\/\/www.sincomam.org.br\/index.php\/wp-json\/wp\/v2\/posts\/18017\/revisions"}],"predecessor-version":[{"id":18020,"href":"https:\/\/www.sincomam.org.br\/index.php\/wp-json\/wp\/v2\/posts\/18017\/revisions\/18020"}],"wp:featuredmedia":[{"embeddable":true,"href":"https:\/\/www.sincomam.org.br\/index.php\/wp-json\/wp\/v2\/media\/18019"}],"wp:attachment":[{"href":"https:\/\/www.sincomam.org.br\/index.php\/wp-json\/wp\/v2\/media?parent=18017"}],"wp:term":[{"taxonomy":"category","embeddable":true,"href":"https:\/\/www.sincomam.org.br\/index.php\/wp-json\/wp\/v2\/categories?post=18017"},{"taxonomy":"post_tag","embeddable":true,"href":"https:\/\/www.sincomam.org.br\/index.php\/wp-json\/wp\/v2\/tags?post=18017"}],"curies":[{"name":"wp","href":"https:\/\/api.w.org\/{rel}","templated":true}]}}