{"id":18012,"date":"2016-01-29T00:45:53","date_gmt":"2016-01-29T02:45:53","guid":{"rendered":"http:\/\/www.sincomam.org.br\/?p=18012"},"modified":"2016-01-29T08:34:18","modified_gmt":"2016-01-29T10:34:18","slug":"vale-vai-propor-ao-conselho-nao-distribuir-dividendos-em-2016","status":"publish","type":"post","link":"https:\/\/www.sincomam.org.br\/index.php\/vale-vai-propor-ao-conselho-nao-distribuir-dividendos-em-2016\/","title":{"rendered":"Vale vai propor ao Conselho n\u00e3o distribuir dividendos em 2016"},"content":{"rendered":"<p>A Vale apresentou\u00a0uma proposta ao Conselho de Administra\u00e7\u00e3o da empresa para n\u00e3o distribuir dividendos aos seus acionistas durante o ano de 2016. A mineradora apontou como motivo a &#8220;volatilidade nos pre\u00e7os das commodities minerais&#8221;.<br \/>&#8220;\u00c0 medida que o cen\u00e1rio esteja melhor definido e, em havendo gera\u00e7\u00e3o de caixa suficiente&#8221;, acrescentou a empresa, &#8220;o Conselho de Administra\u00e7\u00e3o poder\u00e1 decidir pela distribui\u00e7\u00e3o de remunera\u00e7\u00e3o aos acionistas.&#8221;<\/p>\n<p>A empresa informou tamb\u00e9m que ir\u00e1 propor ao conselho uma revis\u00e3o da atual pol\u00edtica de remunera\u00e7\u00e3o ao acionista, com o objetivo de alinh\u00e1-la ao &#8220;ambiente de maior incerteza nos pre\u00e7os das commodities&#8221;.<br \/>&#8220;Se aprovada, a proposta ser\u00e1 objeto de delibera\u00e7\u00e3o dos acionistas em Assembleia Geral da Companhia a ser realizada em abril de 2016&#8221;, disse a Vale em nota.<\/p>\n<p>&#8220;A nova pol\u00edtica, que dever\u00e1 estar em linha com os direitos econ\u00f4micos assegurados pelo Estatuto Social da Vale e com o novo cen\u00e1rio de mercado, ser\u00e1 apresentada em momento oportuno, nos termos da legisla\u00e7\u00e3o societ\u00e1ria em vigor.&#8221;<\/p>\n<p><strong>Queda na bolsa<\/strong><br \/>A Vale foi a empresa com a\u00e7\u00f5es negociadas na Bovespa que mais perdeu valor de mercado em 2015, segundo levantamento realizado pela Economatica. A empresa perdeu R$ 45,9 bilh\u00f5es em valor de mercado, passando de R$ 107 bilh\u00f5es no final de 2014 para R$ 61,6 bilh\u00f5es no final do \u00faltimo preg\u00e3o de 2015 &#8211; uma queda de cerca de 42%.<\/p>\n<p>As a\u00e7\u00f5es preferencias (que d\u00e3o ao acionista prefer\u00eancia na distribui\u00e7\u00e3o de dividendos) da Vale\u00a0ca\u00edram 43% em 2015, terminando o ano cotadas a R$ 10,25. Nesta quinta-feira, o mesmo papel fechou cotado a R$ 7,09 &#8211; uma queda de mais de 30%.<\/p>\n<p>Em 2016, o pre\u00e7o das a\u00e7\u00f5es preferenciais da empresa vem atingindo m\u00ednimas desde 2004 nos \u00faltimos preg\u00f5es da bolsa, com preocupa\u00e7\u00f5es sobre o pre\u00e7o internacional do min\u00e9rio e tamb\u00e9m a economia da China.<\/p>\n<p>Isso acontece porque, ao crescer menos, a China passa a importar menos min\u00e9rio de ferro do Brasil e de outros pa\u00edses, j\u00e1 que precisa de menos insumos para a produ\u00e7\u00e3o industrial. A commodity \u00e9 o principal produto de exporta\u00e7\u00e3o da Vale e o mercado chin\u00eas, seu maior comprador. A queda na demanda pelo min\u00e9rio de ferro no mundo faz seus pre\u00e7os ca\u00edram, afetando as a\u00e7\u00f5es da mineradora.<\/p>\n<p>Fonte: Globo<\/p>\n","protected":false},"excerpt":{"rendered":"<p>A Vale apresentou\u00a0uma proposta ao Conselho de Administra\u00e7\u00e3o da empresa para n\u00e3o distribuir dividendos aos seus acionistas durante o ano de 2016. A mineradora apontou&#8230;<\/p>\n","protected":false},"author":1182,"featured_media":18013,"comment_status":"closed","ping_status":"closed","sticky":false,"template":"","format":"standard","meta":{"footnotes":""},"categories":[6],"tags":[],"class_list":["post-18012","post","type-post","status-publish","format-standard","has-post-thumbnail","hentry","category-noticias"],"_links":{"self":[{"href":"https:\/\/www.sincomam.org.br\/index.php\/wp-json\/wp\/v2\/posts\/18012","targetHints":{"allow":["GET"]}}],"collection":[{"href":"https:\/\/www.sincomam.org.br\/index.php\/wp-json\/wp\/v2\/posts"}],"about":[{"href":"https:\/\/www.sincomam.org.br\/index.php\/wp-json\/wp\/v2\/types\/post"}],"author":[{"embeddable":true,"href":"https:\/\/www.sincomam.org.br\/index.php\/wp-json\/wp\/v2\/users\/1182"}],"replies":[{"embeddable":true,"href":"https:\/\/www.sincomam.org.br\/index.php\/wp-json\/wp\/v2\/comments?post=18012"}],"version-history":[{"count":1,"href":"https:\/\/www.sincomam.org.br\/index.php\/wp-json\/wp\/v2\/posts\/18012\/revisions"}],"predecessor-version":[{"id":18014,"href":"https:\/\/www.sincomam.org.br\/index.php\/wp-json\/wp\/v2\/posts\/18012\/revisions\/18014"}],"wp:featuredmedia":[{"embeddable":true,"href":"https:\/\/www.sincomam.org.br\/index.php\/wp-json\/wp\/v2\/media\/18013"}],"wp:attachment":[{"href":"https:\/\/www.sincomam.org.br\/index.php\/wp-json\/wp\/v2\/media?parent=18012"}],"wp:term":[{"taxonomy":"category","embeddable":true,"href":"https:\/\/www.sincomam.org.br\/index.php\/wp-json\/wp\/v2\/categories?post=18012"},{"taxonomy":"post_tag","embeddable":true,"href":"https:\/\/www.sincomam.org.br\/index.php\/wp-json\/wp\/v2\/tags?post=18012"}],"curies":[{"name":"wp","href":"https:\/\/api.w.org\/{rel}","templated":true}]}}