{"id":18010,"date":"2016-01-29T00:05:20","date_gmt":"2016-01-29T02:05:20","guid":{"rendered":"http:\/\/www.sincomam.org.br\/?p=18010"},"modified":"2016-01-28T19:48:20","modified_gmt":"2016-01-28T21:48:20","slug":"banco-central-preve-aumento-de-37-na-energia-eletrica-em-2016","status":"publish","type":"post","link":"https:\/\/www.sincomam.org.br\/index.php\/banco-central-preve-aumento-de-37-na-energia-eletrica-em-2016\/","title":{"rendered":"Banco Central prev\u00ea aumento de 3,7% na energia el\u00e9trica em 2016"},"content":{"rendered":"<p>Mesmo ap\u00f3s forte reajuste em 2015, o pre\u00e7o da energia el\u00e9trica dever\u00e1 continuar avan\u00e7ando neste ano, segundo o Banco Central. Neste ano, a energia dever\u00e1 ter reajuste de 3,7% em 2016, previu a autoridade monet\u00e1ria nesta quinta-feira (28).<\/p>\n<p>A estimativa foi considerada no \u00faltimo encontro do Comit\u00ea de Pol\u00edtica Monet\u00e1ria (Copom) &#8211; que manteve, na semana passada, os juros b\u00e1sicos da economia est\u00e1veis em 14,25% ao ano pela quarta vez seguida.\u00a0<\/p>\n<p>De acordo com o Instituto Brasileiro de Geografia e Estat\u00edstica (IBGE), a conta de luz do consumidor brasileiro ficou, em m\u00e9dia, 51% maior em 2015, na compara\u00e7\u00e3o com o ano anterior. S\u00e3o Paulo e Curitiba aplicaram os maiores reajustes, de 70,97% e 69,22%, respectivamente.<\/p>\n<p><strong>Combust\u00edveis e tarifas de \u00f4nibus<\/strong><br \/>Na ata do Copom, o BC n\u00e3o estimou, at\u00e9 o momento, aumento no pre\u00e7o dos combust\u00edveis para o ano de 2016.<\/p>\n<p>Em 2015, com o aumento do pre\u00e7o da gasolina autorizado pela Petrobras no in\u00edcio de setembro, o reajuste no valor dos combust\u00edveis chegou a 21,43%. A gasolina subiu 20,10% em m\u00e9dia \u2013 um pouco abaixo do avan\u00e7o m\u00e9dio do custo do etanol, de 29,63%.<\/p>\n<p>Entretanto, a autoridade monet\u00e1ria projetou um reajuste m\u00e9dio nas tarifas de \u00f4nibus urbano de 8,9% neste ano. A\u00a0\u00a0passagem de \u00f4nibus j\u00e1 subiu ao menos em 18 cidades neste in\u00edcio de ano, entre elas seis capitais.<\/p>\n<p><strong>Energia el\u00e9trica<\/strong><br \/>Nesta semana, a Ag\u00eancia Nacional de Energia El\u00e9trica (Aneel) confirmou\u00a0que o b\u00f4nus cobrado pelo governo das empresas que arremataram as 29 hidrel\u00e9tricas leiloadas em novembro passado\u00a0deve provocar neste ano um aumento m\u00e9dio de 1,7% nas contas de luz dos brasileiros.<\/p>\n<p>O leil\u00e3o de novembro foi feito pelo governo para escolher novos operadores para as 29 hidrel\u00e9tricas, que est\u00e3o em opera\u00e7\u00e3o no pa\u00eds h\u00e1 v\u00e1rios anos e cujos contratos de concess\u00e3o j\u00e1 tinham vencido ou estavam para vencer. Para entrar no neg\u00f3cio, as empresas tiveram que se comprometer a antecipar ao governo um total de R$ 17 bilh\u00f5es.<\/p>\n<p>Por outro lado, a Aneel tamb\u00e9m informou que o sistema de bandeiras tarif\u00e1rias, que aplica uma cobran\u00e7a extra nas contas de luz quando est\u00e1 mais caro produzir energia no pa\u00eds, ter\u00e1 mudan\u00e7as a partir de fevereiro. A decis\u00e3o deve levar a um\u00a0barateamento das contas de luz a partir de 1\u00ba de fevereiro. Isso porque o valor da tarifa extra a ser paga pelos consumidores (bandeira vermelha) deve cair dos atuais R$ 4,50 para R$ 3,00 a cada 100 killowatts-hora (kWh) de energia consumidos.<\/p>\n<p>Fonte: Globo\u00a0<\/p>\n","protected":false},"excerpt":{"rendered":"<p>Mesmo ap\u00f3s forte reajuste em 2015, o pre\u00e7o da energia el\u00e9trica dever\u00e1 continuar avan\u00e7ando neste ano, segundo o Banco Central. Neste ano, a energia dever\u00e1&#8230;<\/p>\n","protected":false},"author":1182,"featured_media":17940,"comment_status":"closed","ping_status":"closed","sticky":false,"template":"","format":"standard","meta":{"footnotes":""},"categories":[6],"tags":[],"class_list":["post-18010","post","type-post","status-publish","format-standard","has-post-thumbnail","hentry","category-noticias"],"_links":{"self":[{"href":"https:\/\/www.sincomam.org.br\/index.php\/wp-json\/wp\/v2\/posts\/18010","targetHints":{"allow":["GET"]}}],"collection":[{"href":"https:\/\/www.sincomam.org.br\/index.php\/wp-json\/wp\/v2\/posts"}],"about":[{"href":"https:\/\/www.sincomam.org.br\/index.php\/wp-json\/wp\/v2\/types\/post"}],"author":[{"embeddable":true,"href":"https:\/\/www.sincomam.org.br\/index.php\/wp-json\/wp\/v2\/users\/1182"}],"replies":[{"embeddable":true,"href":"https:\/\/www.sincomam.org.br\/index.php\/wp-json\/wp\/v2\/comments?post=18010"}],"version-history":[{"count":1,"href":"https:\/\/www.sincomam.org.br\/index.php\/wp-json\/wp\/v2\/posts\/18010\/revisions"}],"predecessor-version":[{"id":18011,"href":"https:\/\/www.sincomam.org.br\/index.php\/wp-json\/wp\/v2\/posts\/18010\/revisions\/18011"}],"wp:featuredmedia":[{"embeddable":true,"href":"https:\/\/www.sincomam.org.br\/index.php\/wp-json\/wp\/v2\/media\/17940"}],"wp:attachment":[{"href":"https:\/\/www.sincomam.org.br\/index.php\/wp-json\/wp\/v2\/media?parent=18010"}],"wp:term":[{"taxonomy":"category","embeddable":true,"href":"https:\/\/www.sincomam.org.br\/index.php\/wp-json\/wp\/v2\/categories?post=18010"},{"taxonomy":"post_tag","embeddable":true,"href":"https:\/\/www.sincomam.org.br\/index.php\/wp-json\/wp\/v2\/tags?post=18010"}],"curies":[{"name":"wp","href":"https:\/\/api.w.org\/{rel}","templated":true}]}}