{"id":18002,"date":"2016-01-29T00:30:56","date_gmt":"2016-01-29T02:30:56","guid":{"rendered":"http:\/\/www.sincomam.org.br\/?p=18002"},"modified":"2016-02-03T14:37:42","modified_gmt":"2016-02-03T16:37:42","slug":"capitania-dos-portos-da-prazo-para-retirada-de-navio-que-naufragou-no-para","status":"publish","type":"post","link":"https:\/\/www.sincomam.org.br\/index.php\/capitania-dos-portos-da-prazo-para-retirada-de-navio-que-naufragou-no-para\/","title":{"rendered":"Capitania dos Portos d\u00e1 prazo para retirada de navio que naufragou no Par\u00e1"},"content":{"rendered":"<p>A<span>s empresas respons\u00e1veis pelo navio que naufragou no Porto de Vila do Conde, em Bacarena (PA),<\/span><span>\u00a0t\u00eam at\u00e9 1\u00ba de fevereiro, pr\u00f3xima segunda-feira, para tirar a embarca\u00e7\u00e3o do fundo do rio. O acidente aconteceu em outubro do ano passado com 5 mil bois a bordo.<\/span><br \/><span>\u00a0<\/span><span><br \/>Fonte: EBC<\/span><\/p>\n","protected":false},"excerpt":{"rendered":"<p>As empresas respons\u00e1veis pelo navio que naufragou no Porto de Vila do Conde, em Bacarena (PA),\u00a0t\u00eam at\u00e9 1\u00ba de fevereiro, pr\u00f3xima segunda-feira, para tirar a&#8230;<\/p>\n","protected":false},"author":1182,"featured_media":18003,"comment_status":"closed","ping_status":"closed","sticky":false,"template":"","format":"standard","meta":{"footnotes":""},"categories":[6],"tags":[],"class_list":["post-18002","post","type-post","status-publish","format-standard","has-post-thumbnail","hentry","category-noticias"],"_links":{"self":[{"href":"https:\/\/www.sincomam.org.br\/index.php\/wp-json\/wp\/v2\/posts\/18002","targetHints":{"allow":["GET"]}}],"collection":[{"href":"https:\/\/www.sincomam.org.br\/index.php\/wp-json\/wp\/v2\/posts"}],"about":[{"href":"https:\/\/www.sincomam.org.br\/index.php\/wp-json\/wp\/v2\/types\/post"}],"author":[{"embeddable":true,"href":"https:\/\/www.sincomam.org.br\/index.php\/wp-json\/wp\/v2\/users\/1182"}],"replies":[{"embeddable":true,"href":"https:\/\/www.sincomam.org.br\/index.php\/wp-json\/wp\/v2\/comments?post=18002"}],"version-history":[{"count":2,"href":"https:\/\/www.sincomam.org.br\/index.php\/wp-json\/wp\/v2\/posts\/18002\/revisions"}],"predecessor-version":[{"id":18109,"href":"https:\/\/www.sincomam.org.br\/index.php\/wp-json\/wp\/v2\/posts\/18002\/revisions\/18109"}],"wp:featuredmedia":[{"embeddable":true,"href":"https:\/\/www.sincomam.org.br\/index.php\/wp-json\/wp\/v2\/media\/18003"}],"wp:attachment":[{"href":"https:\/\/www.sincomam.org.br\/index.php\/wp-json\/wp\/v2\/media?parent=18002"}],"wp:term":[{"taxonomy":"category","embeddable":true,"href":"https:\/\/www.sincomam.org.br\/index.php\/wp-json\/wp\/v2\/categories?post=18002"},{"taxonomy":"post_tag","embeddable":true,"href":"https:\/\/www.sincomam.org.br\/index.php\/wp-json\/wp\/v2\/tags?post=18002"}],"curies":[{"name":"wp","href":"https:\/\/api.w.org\/{rel}","templated":true}]}}