{"id":17982,"date":"2016-01-28T08:37:17","date_gmt":"2016-01-28T10:37:17","guid":{"rendered":"http:\/\/www.sincomam.org.br\/?p=17982"},"modified":"2016-01-28T08:37:17","modified_gmt":"2016-01-28T10:37:17","slug":"governo-preve-zerar-em-maio-a-taxa-extra-da-tarifa-de-energia-eletrica","status":"publish","type":"post","link":"https:\/\/www.sincomam.org.br\/index.php\/governo-preve-zerar-em-maio-a-taxa-extra-da-tarifa-de-energia-eletrica\/","title":{"rendered":"Governo prev\u00ea zerar em maio a taxa extra da tarifa de energia el\u00e9trica"},"content":{"rendered":"<p>O governo Dilma tra\u00e7ou um cronograma para mudan\u00e7a das bandeiras tarif\u00e1rias a fim de baratear o custo da energia no pa\u00eds. A meta \u00e9 que, em mar\u00e7o, mude da cor vermelho para amarelo. No m\u00eas de maio, a bandeira passaria a ser verde \u2013sem custo adicional para o consumidor.<\/p>\n<p>Entre a vermelha, em vigor desde que o sistema de bandeiras entrou em opera\u00e7\u00e3o, em janeiro de 2015, e a cor verde, que deve vigorar a partir de maio, a redu\u00e7\u00e3o na conta de luz \u00e9 de 10%.<\/p>\n<p>O sistema de bandeiras tarif\u00e1rias define todo o m\u00eas uma cobran\u00e7a extra para compensar o uso de usinas t\u00e9rmicas, que s\u00e3o mais caras.<\/p>\n<p>Para que a cor da bandeira seja mudada para a amarela, as t\u00e9rmicas em opera\u00e7\u00e3o n\u00e3o podem custar mais do que R$ 422 por MWh.<\/p>\n<p>Segundo a Folha antecipou, \u00a0o ONS considera que o n\u00edvel dos reservat\u00f3rios no pa\u00eds j\u00e1 garante o desligamento de v\u00e1rias termel\u00e9tricas.<\/p>\n<p>Para garantir o cronograma, a equipe da presidente Dilma vai determinar, no m\u00eas de fevereiro, o desligamento de mais usinas t\u00e9rmicas. O objetivo \u00e9 n\u00e3o ter nenhuma usina desse tipo com custo de gera\u00e7\u00e3o acima de R$ 400 por megawatt-hora em opera\u00e7\u00e3o a partir do pr\u00f3ximo m\u00eas.<\/p>\n<p>O desligamento das t\u00e9rmicas ser\u00e1 decidido na pr\u00f3xima reuni\u00e3o do CMSE (Comit\u00ea de Monitoramento do Setor El\u00e9trico), em 3 de fevereiro.<\/p>\n<p>Quando a bandeira passar para amarela, a conta de luz ser\u00e1 reduzida em mais 3%, al\u00e9m dos 3% de desconto j\u00e1 garantidos para fevereiro: a partir do m\u00eas que vem, a bandeira vermelha passar\u00e1 do patamar 2 para 1 (a chamada &#8220;bandeira rosa&#8221;).<\/p>\n<p>Para que a bandeira passe a verde, as t\u00e9rmicas em opera\u00e7\u00e3o devem custar menos do que R$ 211 por MWh.<\/p>\n<p><b>N\u00c3O T\u00c3O R\u00c1PIDO<\/b><\/p>\n<p>A presidente chegou a analisar com sua equipe a hip\u00f3tese de a bandeira j\u00e1 em fevereiro sair de vermelha para amarela, mas foi convencida por assessores de que \u00e9 melhor estabelecer um cronograma mais espa\u00e7ado.<\/p>\n<p>O desligamento de mais usinas t\u00e9rmicas ser\u00e1 poss\u00edvel depois da recupera\u00e7\u00e3o do n\u00edvel dos reservat\u00f3rios da regi\u00e3o Norte, principalmente.<\/p>\n<p>Com isso, o governo n\u00e3o precisar\u00e1 mais enviar eletricidade gerada no Sudeste para atender o Norte, podendo direcionar essa energia extra para o Nordeste \u2013permitindo o desligamento das t\u00e9rmicas nessa regi\u00e3o.<\/p>\n<p>Hoje, o n\u00edvel dos reservat\u00f3rios do Sudeste est\u00e1 em 42%. No Sul, 93,1%. No Norte, 23,9%. A pior situa\u00e7\u00e3o \u00e9 no Nordeste, com 13,7%.<\/p>\n<p>Fonte: Folha de S\u00e3o Paulo<\/p>\n","protected":false},"excerpt":{"rendered":"<p>O governo Dilma tra\u00e7ou um cronograma para mudan\u00e7a das bandeiras tarif\u00e1rias a fim de baratear o custo da energia no pa\u00eds. A meta \u00e9 que,&#8230;<\/p>\n","protected":false},"author":1182,"featured_media":17940,"comment_status":"closed","ping_status":"closed","sticky":false,"template":"","format":"standard","meta":{"footnotes":""},"categories":[6],"tags":[],"class_list":["post-17982","post","type-post","status-publish","format-standard","has-post-thumbnail","hentry","category-noticias"],"_links":{"self":[{"href":"https:\/\/www.sincomam.org.br\/index.php\/wp-json\/wp\/v2\/posts\/17982","targetHints":{"allow":["GET"]}}],"collection":[{"href":"https:\/\/www.sincomam.org.br\/index.php\/wp-json\/wp\/v2\/posts"}],"about":[{"href":"https:\/\/www.sincomam.org.br\/index.php\/wp-json\/wp\/v2\/types\/post"}],"author":[{"embeddable":true,"href":"https:\/\/www.sincomam.org.br\/index.php\/wp-json\/wp\/v2\/users\/1182"}],"replies":[{"embeddable":true,"href":"https:\/\/www.sincomam.org.br\/index.php\/wp-json\/wp\/v2\/comments?post=17982"}],"version-history":[{"count":1,"href":"https:\/\/www.sincomam.org.br\/index.php\/wp-json\/wp\/v2\/posts\/17982\/revisions"}],"predecessor-version":[{"id":17983,"href":"https:\/\/www.sincomam.org.br\/index.php\/wp-json\/wp\/v2\/posts\/17982\/revisions\/17983"}],"wp:featuredmedia":[{"embeddable":true,"href":"https:\/\/www.sincomam.org.br\/index.php\/wp-json\/wp\/v2\/media\/17940"}],"wp:attachment":[{"href":"https:\/\/www.sincomam.org.br\/index.php\/wp-json\/wp\/v2\/media?parent=17982"}],"wp:term":[{"taxonomy":"category","embeddable":true,"href":"https:\/\/www.sincomam.org.br\/index.php\/wp-json\/wp\/v2\/categories?post=17982"},{"taxonomy":"post_tag","embeddable":true,"href":"https:\/\/www.sincomam.org.br\/index.php\/wp-json\/wp\/v2\/tags?post=17982"}],"curies":[{"name":"wp","href":"https:\/\/api.w.org\/{rel}","templated":true}]}}