{"id":17967,"date":"2016-01-28T08:16:31","date_gmt":"2016-01-28T10:16:31","guid":{"rendered":"http:\/\/www.sincomam.org.br\/?p=17967"},"modified":"2016-01-28T08:16:31","modified_gmt":"2016-01-28T10:16:31","slug":"pacote-de-credito-com-juro-menor-pode-chegar-a-r-70-bilhoes","status":"publish","type":"post","link":"https:\/\/www.sincomam.org.br\/index.php\/pacote-de-credito-com-juro-menor-pode-chegar-a-r-70-bilhoes\/","title":{"rendered":"Pacote de cr\u00e9dito com juro menor pode chegar a R$ 70 bilh\u00f5es"},"content":{"rendered":"<p>O pacote de cr\u00e9dito do governo Dilma, a ser anunciado nesta quinta-feira (28), deve passar de R$ 50 bilh\u00f5es para cerca de R$ 70 bilh\u00f5es.Entre as novas medidas para aumentar o volume de cr\u00e9dito, est\u00e1 o uso de parte da multa rescis\u00f3ria do FGTS, paga na demiss\u00e3o sem justa causa, como garantia para cr\u00e9dito consignado de trabalhadores do setor privado.<\/p>\n<p>Entre as novas medidas para aumentar o volume de cr\u00e9dito, est\u00e1 o uso de parte da multa rescis\u00f3ria do FGTS, paga na demiss\u00e3o sem justa causa, como garantia para cr\u00e9dito consignado de trabalhadores do setor privado.<\/p>\n<p>A expectativa \u00e9 que esse mecanismo possa aumentar entre R$ 6 bilh\u00f5es e R$ 8 bilh\u00f5es o volume de cr\u00e9dito.<\/p>\n<p>O pacote, a ser anunciado na reuni\u00e3o do Conselh\u00e3o, o Conselho de Desenvolvimento Econ\u00f4mico e Social, tem o objetivo de tentar estabilizar a economia, num primeiro momento, para depois faz\u00ea-la voltar a crescer ainda no fim deste ano.<\/p>\n<p>O governo est\u00e1 preocupado principalmente com as previs\u00f5es de que a taxa de desemprego possa superar os dois d\u00edgitos em 2016 diante de uma recess\u00e3o que pode superar 3% neste ano.<\/p>\n<p>Todas as linhas de cr\u00e9dito que o governo ir\u00e1 anunciar t\u00eam taxas de juros menores do que as de mercado.<\/p>\n<p>O governo vai usar os bancos p\u00fablicos\u00a0-Banco do Brasil, Caixa e BNDES, al\u00e9m do FGTS- para garantir essa libera\u00e7\u00e3o de cr\u00e9dito, aproveitando que eles tiveram seus caixas refor\u00e7ados pelo pagamento do passivo das pedaladas fiscais no final de 2015.<\/p>\n<p>Entre as medidas, o governo vai divulgar que o Banco do Brasil ir\u00e1 liberar cerca de R$ 10 bilh\u00f5es em cr\u00e9dito para o setor agr\u00edcola.<\/p>\n<p>Outros R$ 10 bilh\u00f5es, com recursos do FGTS, ser\u00e3o liberados para a constru\u00e7\u00e3o civil, principalmente para empresas que tocam obras do Minha Casa, Minha Vida.<\/p>\n<p>O BNDES vai destinar ainda recursos para exportadores, micro e pequenas empresas\u00a0e para fabricantes de m\u00e1quinas e equipamentos.<\/p>\n<p>A pol\u00edtica de cr\u00e9dito \u00e0s micro e pequenas empresas vai contemplar duas frentes -amplia\u00e7\u00e3o do cr\u00e9dito a juros baixos e desburocratiza\u00e7\u00e3o.<\/p>\n<p>Empresas com faturamento anual de at\u00e9 R$ 3,6 milh\u00f5es ter\u00e3o acesso a linhas de financiamento com juros de 15% a 18% ao ano, com a garantia do Sebrae e do BNDES, anunciou nesta quarta-feira (27) o presidente do Sebrae, Guilherme Afif Domingos.<\/p>\n<p>&#8220;Pagando juros de agiota, ningu\u00e9m consegue sobreviver. Temos necessidade de dar oxig\u00eanio mais puro, uma linha de cr\u00e9dito mais compat\u00edvel com as micro e pequenas&#8221;, disse Afif.<\/p>\n<p>A expectativa \u00e9 que a oferta comece j\u00e1 em fevereiro. Ainda n\u00e3o \u00e9 certo tamb\u00e9m o volume de recursos que ser\u00e1 dedicado \u00e0s micro e pequenas. Segundo Afif, que esteve reunido na tarde desta quarta-feira (27) com o presidente do BNDES, Luciano Coutinho, est\u00e1 certo que o limite de empr\u00e9stimo ser\u00e1 de R$ 30 mil -para &#8220;obrigar a pulveriza\u00e7\u00e3o do cr\u00e9dito&#8221;.<\/p>\n<p><b>CPMF<\/b><\/p>\n<p>Questionado sobre a reuni\u00e3o do Conselh\u00e3o, o ministro da Casa Civil, Jaques,Wagner, disse que o &#8220;caminho&#8221; que o governo busca \u00e9 o da &#8220;converg\u00eancia&#8221;, entre os diversos setores da sociedade.<\/p>\n<p>Ele se mostrou favor\u00e1vel a uma CPMF tempor\u00e1ria e demonstrou otimismo sobre o debate. &#8220;Todo mundo entende que h\u00e1 uma emerg\u00eancia de aumento de receita. Se a converg\u00eancia for de uma temporalidade pra CPMF, eu acho que \u00e9 bem-vinda.&#8221; Segundo ele, haver\u00e1 mais tr\u00eas reuni\u00f5es do conselh\u00e3o neste ano -a pr\u00f3xima em abril.<\/p>\n<p>Fonte: Folha de S\u00e3o Paulo<\/p>\n","protected":false},"excerpt":{"rendered":"<p>O pacote de cr\u00e9dito do governo Dilma, a ser anunciado nesta quinta-feira (28), deve passar de R$ 50 bilh\u00f5es para cerca de R$ 70 bilh\u00f5es.Entre&#8230;<\/p>\n","protected":false},"author":1182,"featured_media":17968,"comment_status":"closed","ping_status":"closed","sticky":false,"template":"","format":"standard","meta":{"footnotes":""},"categories":[6],"tags":[],"class_list":["post-17967","post","type-post","status-publish","format-standard","has-post-thumbnail","hentry","category-noticias"],"_links":{"self":[{"href":"https:\/\/www.sincomam.org.br\/index.php\/wp-json\/wp\/v2\/posts\/17967","targetHints":{"allow":["GET"]}}],"collection":[{"href":"https:\/\/www.sincomam.org.br\/index.php\/wp-json\/wp\/v2\/posts"}],"about":[{"href":"https:\/\/www.sincomam.org.br\/index.php\/wp-json\/wp\/v2\/types\/post"}],"author":[{"embeddable":true,"href":"https:\/\/www.sincomam.org.br\/index.php\/wp-json\/wp\/v2\/users\/1182"}],"replies":[{"embeddable":true,"href":"https:\/\/www.sincomam.org.br\/index.php\/wp-json\/wp\/v2\/comments?post=17967"}],"version-history":[{"count":1,"href":"https:\/\/www.sincomam.org.br\/index.php\/wp-json\/wp\/v2\/posts\/17967\/revisions"}],"predecessor-version":[{"id":17969,"href":"https:\/\/www.sincomam.org.br\/index.php\/wp-json\/wp\/v2\/posts\/17967\/revisions\/17969"}],"wp:featuredmedia":[{"embeddable":true,"href":"https:\/\/www.sincomam.org.br\/index.php\/wp-json\/wp\/v2\/media\/17968"}],"wp:attachment":[{"href":"https:\/\/www.sincomam.org.br\/index.php\/wp-json\/wp\/v2\/media?parent=17967"}],"wp:term":[{"taxonomy":"category","embeddable":true,"href":"https:\/\/www.sincomam.org.br\/index.php\/wp-json\/wp\/v2\/categories?post=17967"},{"taxonomy":"post_tag","embeddable":true,"href":"https:\/\/www.sincomam.org.br\/index.php\/wp-json\/wp\/v2\/tags?post=17967"}],"curies":[{"name":"wp","href":"https:\/\/api.w.org\/{rel}","templated":true}]}}