{"id":17955,"date":"2016-01-27T00:02:16","date_gmt":"2016-01-27T02:02:16","guid":{"rendered":"http:\/\/www.sincomam.org.br\/?p=17955"},"modified":"2016-01-27T09:58:13","modified_gmt":"2016-01-27T11:58:13","slug":"pais-ja-registra-mais-de-4-mil-casos-de-microcefalia","status":"publish","type":"post","link":"https:\/\/www.sincomam.org.br\/index.php\/pais-ja-registra-mais-de-4-mil-casos-de-microcefalia\/","title":{"rendered":"Pa\u00eds j\u00e1 registra mais de 4 mil casos de microcefalia"},"content":{"rendered":"<p>Um novo boletim que ser\u00e1 divulgado hoje pelo Minist\u00e9rio da Sa\u00fade informa que o pa\u00eds j\u00e1 tem mais de 4 mil casos suspeitos de microcefalia relacionados ao v\u00edrus zika desde 2015. Cerca de 200 novos casos suspeitos est\u00e3o sendo registrados todas as semanas. Os dados foram adiantados ontem por um ministro. O governo decidiu que Rio de Janeiro ser\u00e1 o centro da estrat\u00e9gia de combate \u00e0 doen\u00e7a at\u00e9 agosto, quando ter\u00e3o in\u00edcio as Olimp\u00edadas.<\/p>\n<p>O governo tamb\u00e9m prepara uma nova campanha de esclarecimento sobre a transmiss\u00e3o da doen\u00e7a, e vai trabalhar nesse material com o conceito de guerra ao Aedes aegypti. O slogan j\u00e1 est\u00e1 escolhido: \u201cUm mosquito n\u00e3o \u00e9 mais forte que um pa\u00eds inteiro\u201d. A ideia \u00e9 veicular a propaganda nos meios de comunica\u00e7\u00e3o de maior alcance \u2014 r\u00e1dio e televis\u00e3o \u2014 e nas redes sociais. Uma das ideias \u00e9 dar exemplos de a\u00e7\u00f5es preventivas em programas de grande audi\u00eancia na TV.<\/p>\n<p>O mais recente boletim do minist\u00e9rio, apresentado na quarta-feira passada, apontava 3.893 casos suspeitos de microcefalia, entre confirmados, em investiga\u00e7\u00e3o e at\u00e9 mesmo descartados. Desses, estavam confirmados seis casos de microcefalia com presen\u00e7a do v\u00edrus zika; Em 224, foi confirmada a microcefalia, mas apenas com a indica\u00e7\u00e3o de infec\u00e7\u00e3o pelo v\u00edrus. Outros 3.381 ainda estavam em investiga\u00e7\u00e3o. Por fim, j\u00e1 havia 282 casos descartados. Em todo o ano de 2014, antes da epidemia atual, tinham sido registrados 147 casos.<\/p>\n<p>Fonte: Jornal O Globo<\/p>\n","protected":false},"excerpt":{"rendered":"<p>Um novo boletim que ser\u00e1 divulgado hoje pelo Minist\u00e9rio da Sa\u00fade informa que o pa\u00eds j\u00e1 tem mais de 4 mil casos suspeitos de microcefalia&#8230;<\/p>\n","protected":false},"author":1182,"featured_media":17956,"comment_status":"closed","ping_status":"closed","sticky":false,"template":"","format":"standard","meta":{"footnotes":""},"categories":[6],"tags":[],"class_list":["post-17955","post","type-post","status-publish","format-standard","has-post-thumbnail","hentry","category-noticias"],"_links":{"self":[{"href":"https:\/\/www.sincomam.org.br\/index.php\/wp-json\/wp\/v2\/posts\/17955","targetHints":{"allow":["GET"]}}],"collection":[{"href":"https:\/\/www.sincomam.org.br\/index.php\/wp-json\/wp\/v2\/posts"}],"about":[{"href":"https:\/\/www.sincomam.org.br\/index.php\/wp-json\/wp\/v2\/types\/post"}],"author":[{"embeddable":true,"href":"https:\/\/www.sincomam.org.br\/index.php\/wp-json\/wp\/v2\/users\/1182"}],"replies":[{"embeddable":true,"href":"https:\/\/www.sincomam.org.br\/index.php\/wp-json\/wp\/v2\/comments?post=17955"}],"version-history":[{"count":1,"href":"https:\/\/www.sincomam.org.br\/index.php\/wp-json\/wp\/v2\/posts\/17955\/revisions"}],"predecessor-version":[{"id":17957,"href":"https:\/\/www.sincomam.org.br\/index.php\/wp-json\/wp\/v2\/posts\/17955\/revisions\/17957"}],"wp:featuredmedia":[{"embeddable":true,"href":"https:\/\/www.sincomam.org.br\/index.php\/wp-json\/wp\/v2\/media\/17956"}],"wp:attachment":[{"href":"https:\/\/www.sincomam.org.br\/index.php\/wp-json\/wp\/v2\/media?parent=17955"}],"wp:term":[{"taxonomy":"category","embeddable":true,"href":"https:\/\/www.sincomam.org.br\/index.php\/wp-json\/wp\/v2\/categories?post=17955"},{"taxonomy":"post_tag","embeddable":true,"href":"https:\/\/www.sincomam.org.br\/index.php\/wp-json\/wp\/v2\/tags?post=17955"}],"curies":[{"name":"wp","href":"https:\/\/api.w.org\/{rel}","templated":true}]}}