{"id":17918,"date":"2016-01-26T07:33:04","date_gmt":"2016-01-26T09:33:04","guid":{"rendered":"http:\/\/www.sincomam.org.br\/?p=17918"},"modified":"2016-01-26T07:35:47","modified_gmt":"2016-01-26T09:35:47","slug":"balanca-comercial-tem-deficit-de-us-156-milhoes-na-3a-semana-de-janeiro","status":"publish","type":"post","link":"https:\/\/www.sincomam.org.br\/index.php\/balanca-comercial-tem-deficit-de-us-156-milhoes-na-3a-semana-de-janeiro\/","title":{"rendered":"Balan\u00e7a comercial tem d\u00e9ficit de US$ 156 milh\u00f5es na 3\u00aa semana de janeiro"},"content":{"rendered":"<p>As importa\u00e7\u00f5es superaram as exporta\u00e7\u00f5es brasileiras na terceira semana de janeiro, o que resultou em um d\u00e9ficit comercial de US$ 156 milh\u00f5es, informou o Minist\u00e9rio do Desenvolvimento, Ind\u00fastria e Com\u00e9rcio Exterior (MDIC) nesta segunda-feira, dia 25.<\/p>\n<p>No acumulado no m\u00eas de janeiro, entretanto,\u00a0 a balan\u00e7a comercial brasileira ainda registra super\u00e1vit de US$ 315 milh\u00f5es. Na terceira semana de janeiro, com 5 dias \u00fateis, as exporta\u00e7\u00f5es brasileiras foram de US$ 2,442 bilh\u00f5es e as importa\u00e7\u00f5es totalizaram US$ 2,599 bilh\u00f5es.<\/p>\n<p>Pela m\u00e9dia di\u00e1ria das exporta\u00e7\u00f5es da terceira semana (US$ 488,5 milh\u00f5es), houve retra\u00e7\u00e3o de 19,5% em rela\u00e7\u00e3o \u00e0 m\u00e9dia registrada at\u00e9 a segunda semana de janeiro (US$ 606,7 milh\u00f5es). Segundo o governo, a queda foi causada pela redu\u00e7\u00e3o das exporta\u00e7\u00f5es de produtos b\u00e1sicos (-39,6%), por conta de petr\u00f3leo em bruto, milho em gr\u00e3o, min\u00e9rio de ferro, farelo de soja, carne bovina e min\u00e9rio de cobre; e de semimanufaturados (-13,6%) em fun\u00e7\u00e3o da queda nos embarques de celulose, a\u00e7\u00facar em bruto, semimanufaturados de ferro e a\u00e7o, ferro-ligas e ouro em forma semimanufaturada.<\/p>\n<p>Nas importa\u00e7\u00f5es, foi registrada queda de 7,1% na m\u00e9dia da terceira semana de janeiro em compara\u00e7\u00e3o com a m\u00e9dia at\u00e9 a segunda semana do m\u00eas, principalmente pela queda nas compras de equipamentos mec\u00e2nicos, eletroeletr\u00f4nicos, qu\u00edmicos org\u00e2nicos e inorg\u00e2nicos, pl\u00e1sticos e obras, instrumentos de \u00f3tica\/precis\u00e3o e borracha e obras, informa o Mdic.<\/p>\n<p>Fonte: O Globo<\/p>\n","protected":false},"excerpt":{"rendered":"<p>As importa\u00e7\u00f5es superaram as exporta\u00e7\u00f5es brasileiras na terceira semana de janeiro, o que resultou em um d\u00e9ficit comercial de US$ 156 milh\u00f5es, informou o Minist\u00e9rio&#8230;<\/p>\n","protected":false},"author":1182,"featured_media":17275,"comment_status":"closed","ping_status":"closed","sticky":false,"template":"","format":"standard","meta":{"footnotes":""},"categories":[6],"tags":[],"class_list":["post-17918","post","type-post","status-publish","format-standard","has-post-thumbnail","hentry","category-noticias"],"_links":{"self":[{"href":"https:\/\/www.sincomam.org.br\/index.php\/wp-json\/wp\/v2\/posts\/17918","targetHints":{"allow":["GET"]}}],"collection":[{"href":"https:\/\/www.sincomam.org.br\/index.php\/wp-json\/wp\/v2\/posts"}],"about":[{"href":"https:\/\/www.sincomam.org.br\/index.php\/wp-json\/wp\/v2\/types\/post"}],"author":[{"embeddable":true,"href":"https:\/\/www.sincomam.org.br\/index.php\/wp-json\/wp\/v2\/users\/1182"}],"replies":[{"embeddable":true,"href":"https:\/\/www.sincomam.org.br\/index.php\/wp-json\/wp\/v2\/comments?post=17918"}],"version-history":[{"count":2,"href":"https:\/\/www.sincomam.org.br\/index.php\/wp-json\/wp\/v2\/posts\/17918\/revisions"}],"predecessor-version":[{"id":17920,"href":"https:\/\/www.sincomam.org.br\/index.php\/wp-json\/wp\/v2\/posts\/17918\/revisions\/17920"}],"wp:featuredmedia":[{"embeddable":true,"href":"https:\/\/www.sincomam.org.br\/index.php\/wp-json\/wp\/v2\/media\/17275"}],"wp:attachment":[{"href":"https:\/\/www.sincomam.org.br\/index.php\/wp-json\/wp\/v2\/media?parent=17918"}],"wp:term":[{"taxonomy":"category","embeddable":true,"href":"https:\/\/www.sincomam.org.br\/index.php\/wp-json\/wp\/v2\/categories?post=17918"},{"taxonomy":"post_tag","embeddable":true,"href":"https:\/\/www.sincomam.org.br\/index.php\/wp-json\/wp\/v2\/tags?post=17918"}],"curies":[{"name":"wp","href":"https:\/\/api.w.org\/{rel}","templated":true}]}}