{"id":17914,"date":"2016-01-26T07:40:48","date_gmt":"2016-01-26T09:40:48","guid":{"rendered":"http:\/\/www.sincomam.org.br\/?p=17914"},"modified":"2016-01-25T18:29:52","modified_gmt":"2016-01-25T20:29:52","slug":"pacote-de-estimulo-a-setor-de-petroleo-deve-ficar-para-semana-que-vem-diz-mme","status":"publish","type":"post","link":"https:\/\/www.sincomam.org.br\/index.php\/pacote-de-estimulo-a-setor-de-petroleo-deve-ficar-para-semana-que-vem-diz-mme\/","title":{"rendered":"Pacote de est\u00edmulo a setor de petr\u00f3leo deve ficar para semana que vem, diz MME"},"content":{"rendered":"<p>Embora o governo corra para fechar os detalhes do pacote de medidas regulat\u00f3rias para estimular investimentos no setor de petr\u00f3leo e g\u00e1s, o secret\u00e1rio de petr\u00f3leo, g\u00e1s natural de combust\u00edveis renov\u00e1veis do Minist\u00e9rio de Minas e Energia, Marco Ant\u00f4nio Almeida, disse ontem, dia 25, achar dif\u00edcil que as a\u00e7\u00f5es sejam anunciadas ainda esta semana.<\/p>\n<p>&#8220;N\u00e3o posso adiantar nenhuma medida porque a decis\u00e3o ainda n\u00e3o est\u00e1 fechada. Est\u00e1 muito perto de ser decidido, faltam apenas detalhes. Acho que as medidas podem ser anunciadas na pr\u00f3xima semana ou na outra&#8221;, disse o secret\u00e1rio. &#8220;Nessa semana acho dif\u00edcil porque a equipe do MME tem uma viagem marcada para a Bol\u00edvia para discutir o fornecimento de g\u00e1s&#8221;, acrescentou.<\/p>\n<p>Mais cedo, o ministro de Minas e Energia, Eduardo Braga, disse que as prometidas medidas para o setor ainda ser\u00e3o discutidas com o Minist\u00e9rio da Fazenda antes de serem anunciadas. Ap\u00f3s reuni\u00e3o com a presidente Dilma Rousseff e representantes do Instituto Brasileiro de Petr\u00f3leo, G\u00e1s e Biocombust\u00edveis (IBP), o ministro disse que as a\u00e7\u00f5es em estudo n\u00e3o incluem nem desonera\u00e7\u00f5es nem subs\u00eddios \u00e0 cadeia do setor.<\/p>\n<p>&#8220;Tivemos uma \u00f3tima reuni\u00e3o para avaliarmos a medidas que j\u00e1 sa\u00edram na semana passada, como o decreto para conte\u00fado local e a manuten\u00e7\u00e3o da metodologia de c\u00e1lculo do pre\u00e7o m\u00ednimo para o pagamento de royalties e Participa\u00e7\u00e3o Especial&#8221;, relatou Braga pela manh\u00e3, ao voltar para o MME.<\/p>\n<p>Segundo ele, todos os documentos referentes \u00e0s novas propostas em estudo est\u00e3o sendo enviados ainda hoje para a an\u00e1lise pelo ministro da Fazenda, Nelson Barbosa. &#8220;O ministro Barbosa estava em Davos e agora vai se reunir tamb\u00e9m com o MME. Tamb\u00e9m faremos mais uma reuni\u00e3o com o IBP sobre as propostas. Haver\u00e1 uma segunda rodada de discuss\u00e3o ainda esta semana&#8221;, acrescentou o ministro.<\/p>\n<p>Fonte: Portal Terra<\/p>\n","protected":false},"excerpt":{"rendered":"<p>Embora o governo corra para fechar os detalhes do pacote de medidas regulat\u00f3rias para estimular investimentos no setor de petr\u00f3leo e g\u00e1s, o secret\u00e1rio de&#8230;<\/p>\n","protected":false},"author":1182,"featured_media":17820,"comment_status":"closed","ping_status":"closed","sticky":false,"template":"","format":"standard","meta":{"footnotes":""},"categories":[6],"tags":[],"class_list":["post-17914","post","type-post","status-publish","format-standard","has-post-thumbnail","hentry","category-noticias"],"_links":{"self":[{"href":"https:\/\/www.sincomam.org.br\/index.php\/wp-json\/wp\/v2\/posts\/17914","targetHints":{"allow":["GET"]}}],"collection":[{"href":"https:\/\/www.sincomam.org.br\/index.php\/wp-json\/wp\/v2\/posts"}],"about":[{"href":"https:\/\/www.sincomam.org.br\/index.php\/wp-json\/wp\/v2\/types\/post"}],"author":[{"embeddable":true,"href":"https:\/\/www.sincomam.org.br\/index.php\/wp-json\/wp\/v2\/users\/1182"}],"replies":[{"embeddable":true,"href":"https:\/\/www.sincomam.org.br\/index.php\/wp-json\/wp\/v2\/comments?post=17914"}],"version-history":[{"count":1,"href":"https:\/\/www.sincomam.org.br\/index.php\/wp-json\/wp\/v2\/posts\/17914\/revisions"}],"predecessor-version":[{"id":17915,"href":"https:\/\/www.sincomam.org.br\/index.php\/wp-json\/wp\/v2\/posts\/17914\/revisions\/17915"}],"wp:featuredmedia":[{"embeddable":true,"href":"https:\/\/www.sincomam.org.br\/index.php\/wp-json\/wp\/v2\/media\/17820"}],"wp:attachment":[{"href":"https:\/\/www.sincomam.org.br\/index.php\/wp-json\/wp\/v2\/media?parent=17914"}],"wp:term":[{"taxonomy":"category","embeddable":true,"href":"https:\/\/www.sincomam.org.br\/index.php\/wp-json\/wp\/v2\/categories?post=17914"},{"taxonomy":"post_tag","embeddable":true,"href":"https:\/\/www.sincomam.org.br\/index.php\/wp-json\/wp\/v2\/tags?post=17914"}],"curies":[{"name":"wp","href":"https:\/\/api.w.org\/{rel}","templated":true}]}}