{"id":17887,"date":"2016-01-26T00:04:59","date_gmt":"2016-01-26T02:04:59","guid":{"rendered":"http:\/\/www.sincomam.org.br\/?p=17887"},"modified":"2016-01-26T07:34:40","modified_gmt":"2016-01-26T09:34:40","slug":"rio-reforcara-combate-a-aedes-aegypti-antes-de-olimpiadas","status":"publish","type":"post","link":"https:\/\/www.sincomam.org.br\/index.php\/rio-reforcara-combate-a-aedes-aegypti-antes-de-olimpiadas\/","title":{"rendered":"Rio refor\u00e7ar\u00e1 combate a Aedes aegypti antes de Olimp\u00edadas"},"content":{"rendered":"<p>A Secretaria Municipal de Sa\u00fade do Rio anunciou que vai intensificar, a partir de abril, os cuidados e a\u00e7\u00f5es de preven\u00e7\u00e3o para evitar o avan\u00e7o da zika e de outras doen\u00e7as transmitidas pelo mosquito Aedes aegypti. O objetivo \u00e9 prevenir o avan\u00e7o dessas mol\u00e9stias durante os Jogos Ol\u00edmpicos de 2016, que come\u00e7am no dia 5 de agosto. O evento vai atrair para a cidade milhares de visitantes, do Brasil e do exterior.<\/p>\n<p>No m\u00eas que antecede a abertura dos Jogos, todos os locais de competi\u00e7\u00e3o e de grande aglomera\u00e7\u00e3o de p\u00fablico e seus arredores ser\u00e3o vistoriados pelos agentes da prefeitura. Reservat\u00f3rios de \u00e1gua remanescentes de obras ser\u00e3o eliminados ou, quando isso n\u00e3o for poss\u00edvel, tratados para impedir o desenvolvimento de larvas do mosquito. Inseticidas tamb\u00e9m dever\u00e3o ser usados no trabalho de limpeza e preven\u00e7\u00e3o.<\/p>\n<p>&#8220;Apesar de (agosto) ser uma \u00e9poca com menos incid\u00eancia do mosquito, a prefeitura vai intensificar as inspe\u00e7\u00f5es&#8221;, afirma a Secretaria de Sa\u00fade em nota.<\/p>\n<p>Atualmente, mais de tr\u00eas mil agentes atuam em visitas a poss\u00edveis focos de desenvolvimento do mosquito, que \u00e9 transmissor da dengue, da zika e da chikungunya. A transmiss\u00e3o acontece durante todo o ano, mas ocorre com mais frequ\u00eancia durante o ver\u00e3o, quando o calor favorece a eclos\u00e3o das larvas do inseto. Elas encontram o ambiente ideal para reprodu\u00e7\u00e3o em reposit\u00f3rios de \u00e1gua parada.<\/p>\n<p>&#8220;Todos os locais de obras de instala\u00e7\u00f5es ol\u00edmpicas j\u00e1 recebem visitas ininterruptamente para controle de poss\u00edveis focos do mosquito e esse trabalho vai ser intensificado j\u00e1 a partir de abril&#8221;, diz a prefeitura.<\/p>\n<p>&#8220;Os funcion\u00e1rios do local ser\u00e3o orientados para, ao longo dos dias de competi\u00e7\u00e3o, estarem atentos para identificarem e eliminares dep\u00f3sitos. Um copo pl\u00e1stico jogado e esquecido num jardim, por exemplo, pode acumular \u00e1gua e virar um potencial criadouro do mosquito&#8221;, afirma a Secretaria.<\/p>\n<p>O \u00f3rg\u00e3o, no entanto, n\u00e3o detalhou se haver\u00e1 aumento no n\u00famero de agentes durante a opera\u00e7\u00e3o intensificada de combate ao mosquito. Apenas informou que todas as instala\u00e7\u00f5es ol\u00edmpicas ter\u00e3o pelo menos um encarregado de vigil\u00e2ncia ambiental de sa\u00fade credenciado e fixo. Nos locais maiores, pode haver at\u00e9 tr\u00eas agentes fixos.<\/p>\n<p>&#8220;Eles atuar\u00e3o diariamente na busca, elimina\u00e7\u00e3o ou tratamento de dep\u00f3sitos que possam se tornar potenciais focos do mosquito&#8221;, explica a Secretaria. Equipes de vigil\u00e2ncia ambiental em sa\u00fade trabalhar\u00e3o nos arredores para controlar a presen\u00e7a do mosquito em toda a regi\u00e3o.<\/p>\n<p>Recentemente, o v\u00edrus zika foi apontado como um dos causadores de microcefalia em beb\u00eas, ap\u00f3s mulheres gr\u00e1vidas terem contra\u00eddo a doen\u00e7a. Outros dist\u00farbios t\u00eam sido atribu\u00eddos \u00e0 infec\u00e7\u00e3o pelo zika &#8211; como a s\u00edndrome rara de Guillain-Barr\u00e9, que afeta o sistema nervoso.<\/p>\n<p>Diante da gravidade e do n\u00famero de casos no Brasil, autoridades internacionais t\u00eam recomendado maiores cuidados a turistas que v\u00eam ao Pa\u00eds. O governo dos Estados Unidos chegou a recomendar que mulheres gr\u00e1vidas evitem viagens ao Brasil neste momento.<\/p>\n<p>Fonte: Estad\u00e3o Conte\u00fado<\/p>\n","protected":false},"excerpt":{"rendered":"<p>A Secretaria Municipal de Sa\u00fade do Rio anunciou que vai intensificar, a partir de abril, os cuidados e a\u00e7\u00f5es de preven\u00e7\u00e3o para evitar o avan\u00e7o&#8230;<\/p>\n","protected":false},"author":1182,"featured_media":17888,"comment_status":"closed","ping_status":"closed","sticky":false,"template":"","format":"standard","meta":{"footnotes":""},"categories":[6],"tags":[],"class_list":["post-17887","post","type-post","status-publish","format-standard","has-post-thumbnail","hentry","category-noticias"],"_links":{"self":[{"href":"https:\/\/www.sincomam.org.br\/index.php\/wp-json\/wp\/v2\/posts\/17887","targetHints":{"allow":["GET"]}}],"collection":[{"href":"https:\/\/www.sincomam.org.br\/index.php\/wp-json\/wp\/v2\/posts"}],"about":[{"href":"https:\/\/www.sincomam.org.br\/index.php\/wp-json\/wp\/v2\/types\/post"}],"author":[{"embeddable":true,"href":"https:\/\/www.sincomam.org.br\/index.php\/wp-json\/wp\/v2\/users\/1182"}],"replies":[{"embeddable":true,"href":"https:\/\/www.sincomam.org.br\/index.php\/wp-json\/wp\/v2\/comments?post=17887"}],"version-history":[{"count":1,"href":"https:\/\/www.sincomam.org.br\/index.php\/wp-json\/wp\/v2\/posts\/17887\/revisions"}],"predecessor-version":[{"id":17889,"href":"https:\/\/www.sincomam.org.br\/index.php\/wp-json\/wp\/v2\/posts\/17887\/revisions\/17889"}],"wp:featuredmedia":[{"embeddable":true,"href":"https:\/\/www.sincomam.org.br\/index.php\/wp-json\/wp\/v2\/media\/17888"}],"wp:attachment":[{"href":"https:\/\/www.sincomam.org.br\/index.php\/wp-json\/wp\/v2\/media?parent=17887"}],"wp:term":[{"taxonomy":"category","embeddable":true,"href":"https:\/\/www.sincomam.org.br\/index.php\/wp-json\/wp\/v2\/categories?post=17887"},{"taxonomy":"post_tag","embeddable":true,"href":"https:\/\/www.sincomam.org.br\/index.php\/wp-json\/wp\/v2\/tags?post=17887"}],"curies":[{"name":"wp","href":"https:\/\/api.w.org\/{rel}","templated":true}]}}