{"id":17884,"date":"2016-01-25T00:05:21","date_gmt":"2016-01-25T02:05:21","guid":{"rendered":"http:\/\/www.sincomam.org.br\/?p=17884"},"modified":"2016-01-25T07:23:18","modified_gmt":"2016-01-25T09:23:18","slug":"salario-menor-em-servicos-pode-nao-aliviar-inflacao-no-setor","status":"publish","type":"post","link":"https:\/\/www.sincomam.org.br\/index.php\/salario-menor-em-servicos-pode-nao-aliviar-inflacao-no-setor\/","title":{"rendered":"Sal\u00e1rio menor em servi\u00e7os pode n\u00e3o aliviar infla\u00e7\u00e3o no setor"},"content":{"rendered":"<p>A diminui\u00e7\u00e3o da renda dos trabalhadores de servi\u00e7os, intensificada nos \u00faltimos meses, leva a dois movimentos que podem resultar no tardio arrefecimento da infla\u00e7\u00e3o do setor: de um lado, o pagamento de valores menores aos funcion\u00e1rios alivia os custos dos prestadores de servi\u00e7os e, de outro, com menos renda dispon\u00edvel, o corte no or\u00e7amento das fam\u00edlias deve abrandar tamb\u00e9m a press\u00e3o sobre os pre\u00e7os.<\/p>\n<p>Economistas ponderam, no entanto, que este movimento \u00e9 uma condi\u00e7\u00e3o necess\u00e1ria, mas n\u00e3o determinante para o arrefecimento dos pre\u00e7os em servi\u00e7os e que o al\u00edvio da infla\u00e7\u00e3o do setor ainda levar\u00e1 tempo, com a converg\u00eancia para o centro da meta podendo ocorrer apenas a partir de 2018.<\/p>\n<p>Levantamento feito pelo Broadcast, servi\u00e7o em tempo real da Ag\u00eancia Estado, com dados da Pesquisa Nacional de Amostra por Domic\u00edlio (Pnad) Cont\u00ednua revela que, desde 2013, a taxa de crescimento da renda m\u00e9dia dos trabalhadores do setor desacelerou de maneira significativa at\u00e9 todos os cinco segmentos passarem a registrar quedas a partir do segundo semestre de 2015.<\/p>\n<p>No trimestre encerrado em outubro de 2013, as taxas de crescimento da renda dos diversos tipos de servi\u00e7os estava acima da m\u00e9dia geral &#8211; que considera ainda os ganhos de trabalhadores da constru\u00e7\u00e3o civil, ind\u00fastria, com\u00e9rcio e administra\u00e7\u00e3o p\u00fablica.<\/p>\n<p>J\u00e1 no mesmo per\u00edodo de 2015, os cinco segmentos de servi\u00e7os que comp\u00f5em a pesquisa n\u00e3o s\u00f3 registraram queda na renda real, como a magnitude da retra\u00e7\u00e3o foi mais intensa que a m\u00e9dia geral.<\/p>\n<p>O impacto desses efeitos sobre a infla\u00e7\u00e3o n\u00e3o \u00e9 desprez\u00edvel, uma vez que a folha de pagamento representa, em m\u00e9dia, 30% dos custos de um neg\u00f3cio e os servi\u00e7os respondem por 40% do emprego formal no Pa\u00eds, segundo especialistas que acompanham o setor.<\/p>\n<p>Para o economista-chefe da Parallaxis Consultoria, Rafael Le\u00e3o, este movimento est\u00e1 claramente relacionado ao aperto no or\u00e7amento das fam\u00edlias e sinaliza para a diminui\u00e7\u00e3o da press\u00e3o inflacion\u00e1ria sobre os pre\u00e7os do setor. &#8220;O recuo da renda dos trabalhadores e o aumento do desemprego no setor significam uma press\u00e3o muito menor da parte de custos. Isso pode vir a permitir um arrefecimento dos pre\u00e7os&#8221;, afirmou.<\/p>\n<p>O economista da RC Consultores, Marcel Caparoz, tem uma avalia\u00e7\u00e3o semelhante, mas pondera que a trajet\u00f3ria de arrefecimento dos pre\u00e7os deve ser lenta.<\/p>\n<p>&#8220;A tend\u00eancia \u00e9 de que a infla\u00e7\u00e3o de servi\u00e7os recue dos quase 8,5% registrados em 2015, mas ela n\u00e3o deve fechar 2016 abaixo de 7%&#8221;, estimou. Para ele, apenas entre 2018 e 2019 \u00e9 que o ritmo de alta deve se aproximar do n\u00edvel do centro da meta inflacion\u00e1ria, de 4,5%. J\u00e1 Le\u00e3o projeta que a infla\u00e7\u00e3o de servi\u00e7os fique em 6,8% neste ano e em 5% no ano que vem.<\/p>\n<p>A leitura dos especialistas \u00e9 de que o encolhimento dos sal\u00e1rios pagos aos trabalhadores abre caminho, mas n\u00e3o garante um intenso processo de desinfla\u00e7\u00e3o no curto prazo porque, ao contr\u00e1rio do que ocorre com a eleva\u00e7\u00e3o de custos, o repasse da diminui\u00e7\u00e3o dos gastos para o consumidor se d\u00e1 de forma mais lenta.<\/p>\n<p>&#8220;Isso pode demorar at\u00e9 oito meses para o empres\u00e1rio ter certeza de que tem condi\u00e7\u00f5es de manter o neg\u00f3cio cobrando menos dos seus clientes&#8221;, disse Caparoz.<\/p>\n<p>A mesma redu\u00e7\u00e3o de sal\u00e1rios que beneficia o setor do lado dos custos acaba refletindo na diminui\u00e7\u00e3o dos lucros sob a \u00f3tica da demanda.<\/p>\n<p>&#8220;O ciclo mais tradicional \u00e9 o de uma mulher, por exemplo, que na \u00e9poca de bonan\u00e7a fazia a unha duas vezes por semana e agora, s\u00f3 a cada quinze dias&#8221;, exemplificou Le\u00e3o.<\/p>\n<p>&#8220;Al\u00e9m da queda da renda, as demiss\u00f5es e o medo do desemprego apertaram bastante o or\u00e7amento das fam\u00edlias.&#8221; Segundo dados do Instituto Brasileiro de Geografia e Estat\u00edstica (IBGE), entre o trimestre de agosto a outubro de 2014 e o mesmo per\u00edodo de 2015 a massa de rendimento dos brasileiros encolheu R$ 2 bilh\u00f5es, ao recuar 1,2%, para R$ 169,576 bilh\u00f5es.<\/p>\n<p>Caparoz lembra que estas s\u00e3o condi\u00e7\u00f5es favor\u00e1veis e necess\u00e1rias para permitir o arrefecimento da infla\u00e7\u00e3o de servi\u00e7os, mas ainda h\u00e1 outros fatores pressionando os pre\u00e7os.<\/p>\n<p>&#8220;Os gastos com energia e aluguel, por exemplo, continuam elevados&#8221;, recordou. J\u00e1 Le\u00e3o alerta para outro risco. &#8220;Tamb\u00e9m tem os efeitos da indexa\u00e7\u00e3o que acabam levando \u00e0 in\u00e9rcia inflacion\u00e1ria e limitando a desacelera\u00e7\u00e3o da alta de pre\u00e7os&#8221;, observou.<\/p>\n<p><b>Segmentos<\/b><\/p>\n<p>Ao analisar o comportamento da renda m\u00e9dia dos trabalhadores das cinco categorias de servi\u00e7os, Caparoz destaca que, em tempos de crise econ\u00f4mica e de redu\u00e7\u00e3o de custos, prestadores de servi\u00e7os podem ser substitu\u00eddos com mais facilidade que um oper\u00e1rio da ind\u00fastria, por exemplo.<\/p>\n<p>&#8220;O custo do treinamento de um funcion\u00e1rio e o tempo para ele aprender suas fun\u00e7\u00f5es s\u00e3o muito menores&#8221;, observou. Isso explicaria as crescentes demiss\u00f5es de funcion\u00e1rios com sal\u00e1rios mais elevados e a contrata\u00e7\u00f5es de pessoas menos experiente e, consequentemente, com sal\u00e1rios mais baixos.<\/p>\n<p>Para ele, a situa\u00e7\u00e3o do setor de alojamento e alimenta\u00e7\u00e3o \u00e9 o mais delicado, j\u00e1 que a renda m\u00e9dia dos trabalhadores do segmento vem caindo h\u00e1 mais de um ano e registrou, ao longo de 2015, as retra\u00e7\u00f5es mais intensas na compara\u00e7\u00e3o com os outros segmentos.<\/p>\n<p>O outro grupo que chama a aten\u00e7\u00e3o do economista \u00e9 o de servi\u00e7os dom\u00e9sticos, que sustentou taxas de crescimento m\u00e9dio da renda superiores a 4% at\u00e9 meados de 2014, mas que, quando passou a cair, nas duas \u00faltimas leituras da Pnad Cont\u00ednua, passou por quedas fortes de 2,5% e 4,2% nos trimestres encerrados em setembro e outubro de 2015, respectivamente, ante iguais per\u00edodos de 2014.<\/p>\n<p>Fonte: Exame<\/p>\n<p><\/p>\n","protected":false},"excerpt":{"rendered":"<p>A diminui\u00e7\u00e3o da renda dos trabalhadores de servi\u00e7os, intensificada nos \u00faltimos meses, leva a dois movimentos que podem resultar no tardio arrefecimento da infla\u00e7\u00e3o do&#8230;<\/p>\n","protected":false},"author":1182,"featured_media":17885,"comment_status":"closed","ping_status":"closed","sticky":false,"template":"","format":"standard","meta":{"footnotes":""},"categories":[6],"tags":[],"class_list":["post-17884","post","type-post","status-publish","format-standard","has-post-thumbnail","hentry","category-noticias"],"_links":{"self":[{"href":"https:\/\/www.sincomam.org.br\/index.php\/wp-json\/wp\/v2\/posts\/17884","targetHints":{"allow":["GET"]}}],"collection":[{"href":"https:\/\/www.sincomam.org.br\/index.php\/wp-json\/wp\/v2\/posts"}],"about":[{"href":"https:\/\/www.sincomam.org.br\/index.php\/wp-json\/wp\/v2\/types\/post"}],"author":[{"embeddable":true,"href":"https:\/\/www.sincomam.org.br\/index.php\/wp-json\/wp\/v2\/users\/1182"}],"replies":[{"embeddable":true,"href":"https:\/\/www.sincomam.org.br\/index.php\/wp-json\/wp\/v2\/comments?post=17884"}],"version-history":[{"count":1,"href":"https:\/\/www.sincomam.org.br\/index.php\/wp-json\/wp\/v2\/posts\/17884\/revisions"}],"predecessor-version":[{"id":17886,"href":"https:\/\/www.sincomam.org.br\/index.php\/wp-json\/wp\/v2\/posts\/17884\/revisions\/17886"}],"wp:featuredmedia":[{"embeddable":true,"href":"https:\/\/www.sincomam.org.br\/index.php\/wp-json\/wp\/v2\/media\/17885"}],"wp:attachment":[{"href":"https:\/\/www.sincomam.org.br\/index.php\/wp-json\/wp\/v2\/media?parent=17884"}],"wp:term":[{"taxonomy":"category","embeddable":true,"href":"https:\/\/www.sincomam.org.br\/index.php\/wp-json\/wp\/v2\/categories?post=17884"},{"taxonomy":"post_tag","embeddable":true,"href":"https:\/\/www.sincomam.org.br\/index.php\/wp-json\/wp\/v2\/tags?post=17884"}],"curies":[{"name":"wp","href":"https:\/\/api.w.org\/{rel}","templated":true}]}}