{"id":17836,"date":"2016-01-22T10:12:36","date_gmt":"2016-01-22T12:12:36","guid":{"rendered":"http:\/\/www.sincomam.org.br\/?p=17836"},"modified":"2016-01-22T10:12:36","modified_gmt":"2016-01-22T12:12:36","slug":"em-092-previa-da-inflacao-tem-maior-taxa-para-janeiro-desde-2003","status":"publish","type":"post","link":"https:\/\/www.sincomam.org.br\/index.php\/em-092-previa-da-inflacao-tem-maior-taxa-para-janeiro-desde-2003\/","title":{"rendered":"Em 0,92%, pr\u00e9via da infla\u00e7\u00e3o tem maior taxa para janeiro desde 2003"},"content":{"rendered":"<p>Pr\u00e9via da infla\u00e7\u00e3o oficial no pa\u00eds, o \u00cdndice de Pre\u00e7os ao Consumidor Amplo 15 (IPCA-15) abriu o ano em 0,92% em janeiro, resultado mais alto para o m\u00eas desde 2003, quando ficou em 1,98%. Apesar disso, houve desacelera\u00e7\u00e3o j\u00e1 que, em dezembro, a taxa tinha sido de 1,18%. O resultado acumulado em doze meses passou de 10,71% em dezembro para 10,74% em janeiro.<\/p>\n<p>Em janeiro de 2015, a infla\u00e7\u00e3o medida pelo IPCA-15 foi de 0,89%. Naquele m\u00eas, o resultado acumulado em doze meses foi de 6,69%. O primeiro resultado deste ano veio exatamente como esperado pelo mercado, de acordo com analistas consultados pela Bloomberg News. Pela infla\u00e7\u00e3o oficial, a alta de pre\u00e7os foi de 0,96% em dezembro, o \u00faltimo dado dispon\u00edvel. Em 2015, a infla\u00e7\u00e3o pelo IPCA ficou em 10,67%.<\/p>\n<p>Apenas dois dos nove grupos de produtos e servi\u00e7os pesquisados pelo IBGE registraram alta de pre\u00e7os na passagem de dezembro para janeiro: despesas pessoais (1%) e sa\u00fade e cuidados pessoais (0,66%).<\/p>\n<p>Apesar da desacelera\u00e7\u00e3o frente ao \u00faltimo m\u00eas de 2015, a maior alta ficou com alimenta\u00e7\u00e3o e bebidas (1,67%), com eleva\u00e7\u00e3o generalizada em v\u00e1rios itens: cenoura (23,94%), tomate (20,19%), cebola (15,07%), feij\u00e3o carioca(8,95%), a\u00e7\u00facar refinado (7,81%) e cristal (6,67%) e batata inglesa (7,32%).<\/p>\n<p>O segundo grupo cuja taxa mais subiu neste m\u00eas foi despesas pessoais (1%). O IBGE destacou excurs\u00e3o (7,07%), manicure, (2,17%), cigarro (1,51%), cabeleireiro (1,14%) e empregado dom\u00e9stico (0,77%). A alta dos cigarros, de 1,51%, refletiu parte do reajuste m\u00e9dio de 12% de uma das fabricantes e que passou a valer em 31 de dezembro.<\/p>\n<p>J\u00e1 o grupo transportes teve forte desacelera\u00e7\u00e3o frente ao m\u00eas anterior, passando de 1,76% para 0,87%, puxado pelas passagens a\u00e9reas que subiram 36,54% em dezembro e registraram queda de 5,79% em janeiro. Ainda neste grupo, os combust\u00edveis, com eleva\u00e7\u00e3o de 1,26%, foram a principal contribui\u00e7\u00e3o individual no \u00edndice mensal, respondendo por 0,07 ponto percentual, como o litro da gasolina ficando 1,25% mais caro. O do etanol subiu 1,56%.<\/p>\n<p>A alta nos pre\u00e7os dos transportes p\u00fablicos, de 1,12%, tamb\u00e9m pressionaram o \u00edndice. O IBGE lembra que os reajustes nas tarifas dos \u00f4nibus urbanos se concentraram no m\u00eas de janeiro em algumas regi\u00f5es, com varia\u00e7\u00e3o de 1,92%. Os intermunicipais ficaram em m\u00e9dia 2,65% mais caros, enquanto o t\u00e1xi subiu 1,47%.<\/p>\n<p>Os destaques entre os itens que comp\u00f5em os demais grupos de produtos e servi\u00e7os pesquisados pelo IBGE ficaram com artigos de limpeza (1,84%); TV, som e inform\u00e1tica (1,74%); servi\u00e7os laboratoriais e hospitalares(1,52%); plano de sa\u00fade (1,06%); servi\u00e7os m\u00e9dicos e dent\u00e1rios (0,94%); energia el\u00e9trica (0,81%); taxa de \u00e1gua e esgoto (0,71%); e aluguel residencial (0,55%).<\/p>\n<p>Das 11 regi\u00f5es metropolitanas pesquisadas pelo IBGE, s\u00f3 Belo Horizonte ficou est\u00e1vel em rela\u00e7\u00e3o a dezembro, mantendo o resultado de 0,79%. Todas as outras desaceleraram na virada do ano. Fortaleza teve a taxa mais alta em janeiro, de 1,20%. O Rio de Janeiro aparece em seguida, com varia\u00e7\u00e3o de 1,14%. O IPCA-15 ficou acima da m\u00e9dia nacional em Porto Alegre (1,02%), Bel\u00e9m (0,97%), Salvador (0,97%) e S\u00e3o Paulo (0,95%). J\u00e1 o menor resultado foi registrado em Curitiba, com 0,53%.<\/p>\n<p>O IPCA-15 segue a mesma metodologia do IPCA, que \u00e9 o \u00edndice usado pelo governo na meta de infla\u00e7\u00e3o do pa\u00eds. As \u00fanicas diferen\u00e7as s\u00e3o o per\u00edodo de coleta de pre\u00e7os e a abrang\u00eancia geogr\u00e1fica. Para o c\u00e1lculo do IPCA-15, os pre\u00e7os foram coletados entre 12 de dezembro de 2015 e 14 de janeiro e comparados com os que estavam de 13 de novembro a 11 de dezembro de 2015.<\/p>\n<p><span>Fonte: Jornal O Globo<\/span><\/p>\n","protected":false},"excerpt":{"rendered":"<p>Pr\u00e9via da infla\u00e7\u00e3o oficial no pa\u00eds, o \u00cdndice de Pre\u00e7os ao Consumidor Amplo 15 (IPCA-15) abriu o ano em 0,92% em janeiro, resultado mais alto&#8230;<\/p>\n","protected":false},"author":1182,"featured_media":17837,"comment_status":"closed","ping_status":"closed","sticky":false,"template":"","format":"standard","meta":{"footnotes":""},"categories":[6],"tags":[],"class_list":["post-17836","post","type-post","status-publish","format-standard","has-post-thumbnail","hentry","category-noticias"],"_links":{"self":[{"href":"https:\/\/www.sincomam.org.br\/index.php\/wp-json\/wp\/v2\/posts\/17836","targetHints":{"allow":["GET"]}}],"collection":[{"href":"https:\/\/www.sincomam.org.br\/index.php\/wp-json\/wp\/v2\/posts"}],"about":[{"href":"https:\/\/www.sincomam.org.br\/index.php\/wp-json\/wp\/v2\/types\/post"}],"author":[{"embeddable":true,"href":"https:\/\/www.sincomam.org.br\/index.php\/wp-json\/wp\/v2\/users\/1182"}],"replies":[{"embeddable":true,"href":"https:\/\/www.sincomam.org.br\/index.php\/wp-json\/wp\/v2\/comments?post=17836"}],"version-history":[{"count":1,"href":"https:\/\/www.sincomam.org.br\/index.php\/wp-json\/wp\/v2\/posts\/17836\/revisions"}],"predecessor-version":[{"id":17838,"href":"https:\/\/www.sincomam.org.br\/index.php\/wp-json\/wp\/v2\/posts\/17836\/revisions\/17838"}],"wp:featuredmedia":[{"embeddable":true,"href":"https:\/\/www.sincomam.org.br\/index.php\/wp-json\/wp\/v2\/media\/17837"}],"wp:attachment":[{"href":"https:\/\/www.sincomam.org.br\/index.php\/wp-json\/wp\/v2\/media?parent=17836"}],"wp:term":[{"taxonomy":"category","embeddable":true,"href":"https:\/\/www.sincomam.org.br\/index.php\/wp-json\/wp\/v2\/categories?post=17836"},{"taxonomy":"post_tag","embeddable":true,"href":"https:\/\/www.sincomam.org.br\/index.php\/wp-json\/wp\/v2\/tags?post=17836"}],"curies":[{"name":"wp","href":"https:\/\/api.w.org\/{rel}","templated":true}]}}