{"id":17833,"date":"2016-01-22T09:57:34","date_gmt":"2016-01-22T11:57:34","guid":{"rendered":"http:\/\/www.sincomam.org.br\/?p=17833"},"modified":"2016-01-22T09:57:34","modified_gmt":"2016-01-22T11:57:34","slug":"justica-paralisa-exportacoes-de-minerio-de-ferro-da-vale-por-tubarao","status":"publish","type":"post","link":"https:\/\/www.sincomam.org.br\/index.php\/justica-paralisa-exportacoes-de-minerio-de-ferro-da-vale-por-tubarao\/","title":{"rendered":"Justi\u00e7a paralisa exporta\u00e7\u00f5es de min\u00e9rio de ferro da Vale por Tubar\u00e3o"},"content":{"rendered":"<p>A brasileira Vale, maior exportadora global de min\u00e9rio de ferro, paralisou na manh\u00e3 desta quinta-feira (21) a opera\u00e7\u00e3o do porto de Tubar\u00e3o, no Esp\u00edrito Santo, respons\u00e1vel pelos embarques de mais de 30% da produ\u00e7\u00e3o da companhia, cumprindo uma decis\u00e3o judicial motivada por quest\u00f5es ambientais.<\/p>\n<p>A Vale disse em nota que &#8220;ir\u00e1 adotar todas as medidas judiciais cab\u00edveis para garantir o restabelecimento das atividades&#8221;.<\/p>\n<p>O terminal fica localizado na parte continental do munic\u00edpio de Vit\u00f3ria.<\/p>\n<p>Segundo a Justi\u00e7a Federal, a suspens\u00e3o de atividades em dois p\u00ederes ocorreu para evitar a emiss\u00e3o de poeira de carv\u00e3o no ar e de p\u00f3 de min\u00e9rio no mar.<\/p>\n<p>A Justi\u00e7a determinou a suspens\u00e3o tempor\u00e1ria das duas companhias no P\u00eder II (min\u00e9rio de ferro) e no P\u00eder de Carv\u00e3o (Praia Mole).<\/p>\n<p>At\u00e9 o terceiro trimestre de 2015, a Vale embarcou 82,5 milh\u00f5es de toneladas de min\u00e9rio de ferro pelo Porto de Tubar\u00e3o, segundo dados da mineradora.<\/p>\n<p>O montante \u00e9 equivalente a 34% da produ\u00e7\u00e3o acumulada da empresa nos nove meses encerrados em setembro, de 248,038 milh\u00f5es de toneladas.<\/p>\n<p><strong>ARCELORMITTAL<\/strong><\/p>\n<p>A decis\u00e3o judicial tamb\u00e9m atingiu as atividades da ArcelorMittal Brasil no complexo portu\u00e1rio.<\/p>\n<p>&#8220;Tal medida paralisa as atividades de exporta\u00e7\u00e3o e importa\u00e7\u00e3o da Vale no Esp\u00edrito Santo, provocando grande impacto na economia do Estado, com reflexos em Minas Gerais&#8221;, afirmou a Vale em nota, por meio de sua assessoria de imprensa.<\/p>\n<p>A ArcelorMittal n\u00e3o comentou imediatamente o assunto.<\/p>\n<p>Fonte: Folha de S\u00e3o Paulo<\/p>\n","protected":false},"excerpt":{"rendered":"<p>A brasileira Vale, maior exportadora global de min\u00e9rio de ferro, paralisou na manh\u00e3 desta quinta-feira (21) a opera\u00e7\u00e3o do porto de Tubar\u00e3o, no Esp\u00edrito Santo,&#8230;<\/p>\n","protected":false},"author":1182,"featured_media":17834,"comment_status":"closed","ping_status":"closed","sticky":false,"template":"","format":"standard","meta":{"footnotes":""},"categories":[6],"tags":[],"class_list":["post-17833","post","type-post","status-publish","format-standard","has-post-thumbnail","hentry","category-noticias"],"_links":{"self":[{"href":"https:\/\/www.sincomam.org.br\/index.php\/wp-json\/wp\/v2\/posts\/17833","targetHints":{"allow":["GET"]}}],"collection":[{"href":"https:\/\/www.sincomam.org.br\/index.php\/wp-json\/wp\/v2\/posts"}],"about":[{"href":"https:\/\/www.sincomam.org.br\/index.php\/wp-json\/wp\/v2\/types\/post"}],"author":[{"embeddable":true,"href":"https:\/\/www.sincomam.org.br\/index.php\/wp-json\/wp\/v2\/users\/1182"}],"replies":[{"embeddable":true,"href":"https:\/\/www.sincomam.org.br\/index.php\/wp-json\/wp\/v2\/comments?post=17833"}],"version-history":[{"count":1,"href":"https:\/\/www.sincomam.org.br\/index.php\/wp-json\/wp\/v2\/posts\/17833\/revisions"}],"predecessor-version":[{"id":17835,"href":"https:\/\/www.sincomam.org.br\/index.php\/wp-json\/wp\/v2\/posts\/17833\/revisions\/17835"}],"wp:featuredmedia":[{"embeddable":true,"href":"https:\/\/www.sincomam.org.br\/index.php\/wp-json\/wp\/v2\/media\/17834"}],"wp:attachment":[{"href":"https:\/\/www.sincomam.org.br\/index.php\/wp-json\/wp\/v2\/media?parent=17833"}],"wp:term":[{"taxonomy":"category","embeddable":true,"href":"https:\/\/www.sincomam.org.br\/index.php\/wp-json\/wp\/v2\/categories?post=17833"},{"taxonomy":"post_tag","embeddable":true,"href":"https:\/\/www.sincomam.org.br\/index.php\/wp-json\/wp\/v2\/tags?post=17833"}],"curies":[{"name":"wp","href":"https:\/\/api.w.org\/{rel}","templated":true}]}}