{"id":17826,"date":"2016-01-22T09:46:18","date_gmt":"2016-01-22T11:46:18","guid":{"rendered":"http:\/\/www.sincomam.org.br\/?p=17826"},"modified":"2016-01-22T09:46:18","modified_gmt":"2016-01-22T11:46:18","slug":"salario-medio-de-admissao-tem-queda-real-de-164-em-2015","status":"publish","type":"post","link":"https:\/\/www.sincomam.org.br\/index.php\/salario-medio-de-admissao-tem-queda-real-de-164-em-2015\/","title":{"rendered":"Sal\u00e1rio m\u00e9dio de admiss\u00e3o tem queda real de 1,64% em 2015"},"content":{"rendered":"<p>Quem conseguiu um novo emprego em 2015 entrou ganhando menos: os sal\u00e1rios m\u00e9dios de admiss\u00e3o registraram uma queda real de 1,64% no ano passado, segundo informa\u00e7\u00f5es do Cadastro Geral de Empregados e Desempregados (Caged) divulgadas pelo Minist\u00e9rio do Trabalho nesta quinta-feira (21). No ano passado, o sal\u00e1rio m\u00e9dio de admiss\u00e3o somou R$ 1.270,74, contra R$ 1.291,86 em 2014.<\/p>\n<p>Os n\u00fameros mostram que, em 2012, 2013 e 2014, houve alta real (acima da infla\u00e7\u00e3o) do sal\u00e1rio m\u00e9dio de admiss\u00e3o de, respectivamente, 4,69%, 2,59% e de 0,92%<\/p>\n<p>Segundo o corte por sexo, o Minist\u00e9rio do Trabalho informou que, em 2015, houve uma queda de 2,28% para os sal\u00e1rios dos homens e de 0,34% para as mulheres. &#8220;Esse resultado traduziu-se na eleva\u00e7\u00e3o da representatividade do sal\u00e1rio m\u00e9dio de admiss\u00e3o das mulheres versus homens de 86,19% em 2014 para 87,90% em 2015&#8221;, acrescentou o governo.<\/p>\n<p>Ainda segundo os n\u00fameros oficiais, o sal\u00e1rio m\u00e9dio de admiss\u00e3o apresentou redu\u00e7\u00e3o nas cinco grandes regi\u00f5es, recuando de 0,59% na regi\u00e3o Centro-Oeste a 2,98% na regi\u00e3o Nordeste.<\/p>\n<p>&#8220;Entre as 27 Unidades da Federa\u00e7\u00e3o, duas obtiveram aumento real no sal\u00e1rio de admiss\u00e3o: Distrito Federal (5,39%) e Amap\u00e1 (0,96%). As maiores perdas reais ocorreram nos estados de Pernambuco (-6,54%), Alagoas (-5,32%), Rio de Janeiro (- 4,49%) e Acre (-4,46%)&#8221;, informou o Minist\u00e9rio do Trabalho.<\/p>\n<p>No per\u00edodo de 2011 a 2015, por\u00e9m, o governo informou que os sal\u00e1rios m\u00e9dios de admiss\u00e3o, apresentaram um aumento real de 9,95% ao passarem de R$ 1.155,78 em 2010 para R$ 1.270,74 em 2015. &#8220;Esse resultado decorreu do aumento de 10,08% para os homens e 11,18% para as mulheres&#8221;, concluiu.<\/p>\n","protected":false},"excerpt":{"rendered":"<p>Quem conseguiu um novo emprego em 2015 entrou ganhando menos: os sal\u00e1rios m\u00e9dios de admiss\u00e3o registraram uma queda real de 1,64% no ano passado, segundo&#8230;<\/p>\n","protected":false},"author":1182,"featured_media":17827,"comment_status":"closed","ping_status":"closed","sticky":false,"template":"","format":"standard","meta":{"footnotes":""},"categories":[6],"tags":[],"class_list":["post-17826","post","type-post","status-publish","format-standard","has-post-thumbnail","hentry","category-noticias"],"_links":{"self":[{"href":"https:\/\/www.sincomam.org.br\/index.php\/wp-json\/wp\/v2\/posts\/17826","targetHints":{"allow":["GET"]}}],"collection":[{"href":"https:\/\/www.sincomam.org.br\/index.php\/wp-json\/wp\/v2\/posts"}],"about":[{"href":"https:\/\/www.sincomam.org.br\/index.php\/wp-json\/wp\/v2\/types\/post"}],"author":[{"embeddable":true,"href":"https:\/\/www.sincomam.org.br\/index.php\/wp-json\/wp\/v2\/users\/1182"}],"replies":[{"embeddable":true,"href":"https:\/\/www.sincomam.org.br\/index.php\/wp-json\/wp\/v2\/comments?post=17826"}],"version-history":[{"count":1,"href":"https:\/\/www.sincomam.org.br\/index.php\/wp-json\/wp\/v2\/posts\/17826\/revisions"}],"predecessor-version":[{"id":17828,"href":"https:\/\/www.sincomam.org.br\/index.php\/wp-json\/wp\/v2\/posts\/17826\/revisions\/17828"}],"wp:featuredmedia":[{"embeddable":true,"href":"https:\/\/www.sincomam.org.br\/index.php\/wp-json\/wp\/v2\/media\/17827"}],"wp:attachment":[{"href":"https:\/\/www.sincomam.org.br\/index.php\/wp-json\/wp\/v2\/media?parent=17826"}],"wp:term":[{"taxonomy":"category","embeddable":true,"href":"https:\/\/www.sincomam.org.br\/index.php\/wp-json\/wp\/v2\/categories?post=17826"},{"taxonomy":"post_tag","embeddable":true,"href":"https:\/\/www.sincomam.org.br\/index.php\/wp-json\/wp\/v2\/tags?post=17826"}],"curies":[{"name":"wp","href":"https:\/\/api.w.org\/{rel}","templated":true}]}}