{"id":17714,"date":"2015-12-30T08:05:02","date_gmt":"2015-12-30T10:05:02","guid":{"rendered":"http:\/\/www.sincomam.org.br\/?p=17714"},"modified":"2015-12-29T09:06:56","modified_gmt":"2015-12-29T11:06:56","slug":"tcu-fiscaliza-acoes-de-recuperacao-do-programa-de-revitalizacao-da-bacia-hidrografica-do-rio-sao-francisco","status":"publish","type":"post","link":"https:\/\/www.sincomam.org.br\/index.php\/tcu-fiscaliza-acoes-de-recuperacao-do-programa-de-revitalizacao-da-bacia-hidrografica-do-rio-sao-francisco\/","title":{"rendered":"TCU fiscaliza a\u00e7\u00f5es de recupera\u00e7\u00e3o do programa de revitaliza\u00e7\u00e3o da bacia hidrogr\u00e1fica do Rio S\u00e3o Francisco"},"content":{"rendered":"<p>O Tribunal de Contas da Uni\u00e3o (TCU) realizou monitoramento de decis\u00f5es resultantes de auditoria operacional que avaliou o Programa de Revitaliza\u00e7\u00e3o da Bacia Hidrogr\u00e1fica do Rio S\u00e3o Francisco (PRSF), com foco nas a\u00e7\u00f5es de recupera\u00e7\u00e3o e controle de processos erosivos. Devido \u00e0 relev\u00e2ncia do projeto, o tribunal tem realizado diversas a\u00e7\u00f5es desde 2001 para acompanhar a qualidade das medidas empreendidas pelo governo federal.<\/p>\n<p>O projeto de Integra\u00e7\u00e3o do S\u00e3o Francisco representa o maior empreendimento conduzido pelo governo federal na \u00e1rea de recursos h\u00eddricos. O PRSF objetiva implementar e integrar projetos e a\u00e7\u00f5es governamentais visando \u00e0 sustentabilidade socioambiental no territ\u00f3rio da bacia hidrogr\u00e1fica do rio S\u00e3o Francisco, \u00e0 recupera\u00e7\u00e3o de \u00e1reas degradadas, \u00e0 conserva\u00e7\u00e3o e uso racional dos seus recursos naturais, \u00e0 amplia\u00e7\u00e3o da oferta de seus recursos h\u00eddricos, \u00e0 sua despolui\u00e7\u00e3o e outras interven\u00e7\u00f5es voltadas para o desenvolvimento sustent\u00e1vel dessa regi\u00e3o.<\/p>\n<p>A auditoria realizada em 2011 apontou aus\u00eancia de coordena\u00e7\u00e3o das iniciativas de recupera\u00e7\u00e3o e controle de processos erosivos, assim como baixo volume de investimentos nas a\u00e7\u00f5es de revitaliza\u00e7\u00e3o, insuficientes para reverter o quadro de degrada\u00e7\u00e3o da Bacia. Por consequ\u00eancia, foram expedidas recomenda\u00e7\u00f5es e uma determina\u00e7\u00e3o para aprimorar o desempenho institucional do Minist\u00e9rio do Meio Ambiente (MMA) e da Companhia de Desenvolvimento dos Vales do S\u00e3o Francisco e do Parna\u00edba (Codevasf) nos aspectos relacionados ao PRSF.<\/p>\n<p>O monitoramento atualmente realizado pelo TCU verificou que o MMA e a Codevasf n\u00e3o cumpriram de modo satisfat\u00f3rio as recomenda\u00e7\u00f5es constantes do ac\u00f3rd\u00e3o anterior, salvo o encaminhamento de planos de a\u00e7\u00e3o, que foram considerados insuficientes para o atendimento \u00e0s orienta\u00e7\u00f5es formuladas por este tribunal.<\/p>\n<p>O relator do processo, ministro Augusto Nardes, comentou que \u201ca inclus\u00e3o de projetos de revitaliza\u00e7\u00e3o executados no PRSF, capazes de prover alternativas econ\u00f4micas que garantam a sobreviv\u00eancia de pequenos produtores obrigados por lei a recuperar e preservar margens, nascentes e encostas, tamb\u00e9m n\u00e3o foi concretizada a contento pelo MMA\u201d.<\/p>\n<p>Quanto ao n\u00e3o atendimento das delibera\u00e7\u00f5es anteriores, o ministro-relator tamb\u00e9m mencionou que \u201co fato se faz gravoso quando a pr\u00f3pria Ag\u00eancia Nacional de \u00c1guas divulga que a bacia do S\u00e3o Francisco vem sofrendo condi\u00e7\u00f5es hidrol\u00f3gicas que est\u00e3o prejudicando os reservat\u00f3rios\u201d. \u201cSegundo a equipe do tribunal, existem ind\u00edcios de que a vaz\u00e3o do rio S\u00e3o Francisco e de seus afluentes pode estar sendo reduzida, entre outros motivos, pelos processos erosivos que t\u00eam provocado o assoreamento do rio e o rebaixamento do len\u00e7ol fre\u00e1tico\u201d, afirmou o ministro.<\/p>\n<p>Em decorr\u00eancia do monitoramento, o TCU determinou ao MMA e \u00e0 Codevasf que apresentem um plano de a\u00e7\u00f5es corrigindo as impropriedades apontadas pela auditoria e alertou esses \u00f3rg\u00e3os de que o n\u00e3o cumprimento de decis\u00e3o do tribunal pode ensejar a aplica\u00e7\u00e3o de multa.<\/p>\n<p>Fonte: TCU<\/p>\n","protected":false},"excerpt":{"rendered":"<p>O Tribunal de Contas da Uni\u00e3o (TCU) realizou monitoramento de decis\u00f5es resultantes de auditoria operacional que avaliou o Programa de Revitaliza\u00e7\u00e3o da Bacia Hidrogr\u00e1fica do&#8230;<\/p>\n","protected":false},"author":1182,"featured_media":8291,"comment_status":"closed","ping_status":"closed","sticky":false,"template":"","format":"standard","meta":{"footnotes":""},"categories":[6],"tags":[],"class_list":["post-17714","post","type-post","status-publish","format-standard","has-post-thumbnail","hentry","category-noticias"],"_links":{"self":[{"href":"https:\/\/www.sincomam.org.br\/index.php\/wp-json\/wp\/v2\/posts\/17714","targetHints":{"allow":["GET"]}}],"collection":[{"href":"https:\/\/www.sincomam.org.br\/index.php\/wp-json\/wp\/v2\/posts"}],"about":[{"href":"https:\/\/www.sincomam.org.br\/index.php\/wp-json\/wp\/v2\/types\/post"}],"author":[{"embeddable":true,"href":"https:\/\/www.sincomam.org.br\/index.php\/wp-json\/wp\/v2\/users\/1182"}],"replies":[{"embeddable":true,"href":"https:\/\/www.sincomam.org.br\/index.php\/wp-json\/wp\/v2\/comments?post=17714"}],"version-history":[{"count":1,"href":"https:\/\/www.sincomam.org.br\/index.php\/wp-json\/wp\/v2\/posts\/17714\/revisions"}],"predecessor-version":[{"id":17715,"href":"https:\/\/www.sincomam.org.br\/index.php\/wp-json\/wp\/v2\/posts\/17714\/revisions\/17715"}],"wp:featuredmedia":[{"embeddable":true,"href":"https:\/\/www.sincomam.org.br\/index.php\/wp-json\/wp\/v2\/media\/8291"}],"wp:attachment":[{"href":"https:\/\/www.sincomam.org.br\/index.php\/wp-json\/wp\/v2\/media?parent=17714"}],"wp:term":[{"taxonomy":"category","embeddable":true,"href":"https:\/\/www.sincomam.org.br\/index.php\/wp-json\/wp\/v2\/categories?post=17714"},{"taxonomy":"post_tag","embeddable":true,"href":"https:\/\/www.sincomam.org.br\/index.php\/wp-json\/wp\/v2\/tags?post=17714"}],"curies":[{"name":"wp","href":"https:\/\/api.w.org\/{rel}","templated":true}]}}