{"id":17710,"date":"2015-12-30T08:10:44","date_gmt":"2015-12-30T10:10:44","guid":{"rendered":"http:\/\/www.sincomam.org.br\/?p=17710"},"modified":"2015-12-29T08:58:42","modified_gmt":"2015-12-29T10:58:42","slug":"comeca-primeira-fase-de-obras-no-porto-de-itajai","status":"publish","type":"post","link":"https:\/\/www.sincomam.org.br\/index.php\/comeca-primeira-fase-de-obras-no-porto-de-itajai\/","title":{"rendered":"Come\u00e7a primeira fase de obras no porto de Itaja\u00ed"},"content":{"rendered":"<p>A primeira fase das obras de reestrutura\u00e7\u00e3o do canal de navega\u00e7\u00e3o do Porto de Itaja\u00ed j\u00e1 come\u00e7ou. Ser\u00e3o investidos R$ 122 milh\u00f5es do governo do estado e R$ 165 milh\u00f5es com recursos do governo federal, por meio do Programa de Acelera\u00e7\u00e3o do Crescimento (PAC).<\/p>\n<p>Com as obras, o Porto de Itaja\u00ed, que atualmente \u00e9 administrado pela prefeitura da cidade, poder\u00e1 continuar recebendo navios de grande porte.<\/p>\n<p>O Porto de Itaja\u00ed movimenta cerca de 1,1 milh\u00e3o de containers por ano e ocupa o segundo lugar no ranking nacional de movimenta\u00e7\u00e3o de cargas de containers, atr\u00e1s apenas do Porto de Santos.<\/p>\n<p>Fonte: Portal EBC<\/p>\n","protected":false},"excerpt":{"rendered":"<p>A primeira fase das obras de reestrutura\u00e7\u00e3o do canal de navega\u00e7\u00e3o do Porto de Itaja\u00ed j\u00e1 come\u00e7ou. Ser\u00e3o investidos R$ 122 milh\u00f5es do governo do&#8230;<\/p>\n","protected":false},"author":1182,"featured_media":6990,"comment_status":"closed","ping_status":"closed","sticky":false,"template":"","format":"standard","meta":{"footnotes":""},"categories":[6],"tags":[],"class_list":["post-17710","post","type-post","status-publish","format-standard","has-post-thumbnail","hentry","category-noticias"],"_links":{"self":[{"href":"https:\/\/www.sincomam.org.br\/index.php\/wp-json\/wp\/v2\/posts\/17710","targetHints":{"allow":["GET"]}}],"collection":[{"href":"https:\/\/www.sincomam.org.br\/index.php\/wp-json\/wp\/v2\/posts"}],"about":[{"href":"https:\/\/www.sincomam.org.br\/index.php\/wp-json\/wp\/v2\/types\/post"}],"author":[{"embeddable":true,"href":"https:\/\/www.sincomam.org.br\/index.php\/wp-json\/wp\/v2\/users\/1182"}],"replies":[{"embeddable":true,"href":"https:\/\/www.sincomam.org.br\/index.php\/wp-json\/wp\/v2\/comments?post=17710"}],"version-history":[{"count":1,"href":"https:\/\/www.sincomam.org.br\/index.php\/wp-json\/wp\/v2\/posts\/17710\/revisions"}],"predecessor-version":[{"id":17711,"href":"https:\/\/www.sincomam.org.br\/index.php\/wp-json\/wp\/v2\/posts\/17710\/revisions\/17711"}],"wp:featuredmedia":[{"embeddable":true,"href":"https:\/\/www.sincomam.org.br\/index.php\/wp-json\/wp\/v2\/media\/6990"}],"wp:attachment":[{"href":"https:\/\/www.sincomam.org.br\/index.php\/wp-json\/wp\/v2\/media?parent=17710"}],"wp:term":[{"taxonomy":"category","embeddable":true,"href":"https:\/\/www.sincomam.org.br\/index.php\/wp-json\/wp\/v2\/categories?post=17710"},{"taxonomy":"post_tag","embeddable":true,"href":"https:\/\/www.sincomam.org.br\/index.php\/wp-json\/wp\/v2\/tags?post=17710"}],"curies":[{"name":"wp","href":"https:\/\/api.w.org\/{rel}","templated":true}]}}