{"id":17708,"date":"2015-12-30T08:04:15","date_gmt":"2015-12-30T10:04:15","guid":{"rendered":"http:\/\/www.sincomam.org.br\/?p=17708"},"modified":"2015-12-29T08:57:16","modified_gmt":"2015-12-29T10:57:16","slug":"governo-lanca-plano-de-combate-a-roubo-de-cargas","status":"publish","type":"post","link":"https:\/\/www.sincomam.org.br\/index.php\/governo-lanca-plano-de-combate-a-roubo-de-cargas\/","title":{"rendered":"Governo lan\u00e7a plano de combate a roubo de cargas"},"content":{"rendered":"<p>O governo federal publicou na \u00faltima quarta-feira (23) no Di\u00e1rio Oficial da Uni\u00e3o a Pol\u00edtica Nacional de Preven\u00e7\u00e3o, Fiscaliza\u00e7\u00e3o e Repress\u00e3o ao Furto e Roubo de Ve\u00edculos e Cargas. O objetivo \u00e9 aumentar a rapidez na divulga\u00e7\u00e3o de informa\u00e7\u00f5es de ocorr\u00eancias de furto e roubo de ve\u00edculos praticadas para as pol\u00edcias.<\/p>\n<p>O decreto prop\u00f5e altera\u00e7\u00f5es nas legisla\u00e7\u00f5es penal e de tr\u00e2nsito com o intuito de reduzir os \u00edndices de furtos e roubos.<\/p>\n<p>Al\u00e9m da fiscaliza\u00e7\u00e3o e repress\u00e3o aos crimes, o governo busca tamb\u00e9m implantar o uso de protocolos e certifica\u00e7\u00f5es de seguran\u00e7a para identificar o lote e a unidade do produto transportado.<\/p>\n<p>De acordo com o ministro da Justi\u00e7a, Jos\u00e9 Eduardo Cardozo, o plano \u00e9 importante para orientar e integrar os \u00f3rg\u00e3os p\u00fablicos de todos os estados e do Distrito federal ligados \u00e0 seguran\u00e7a p\u00fablica e do tr\u00e2nsito no pa\u00eds. \u201cEsse projeto vai englobar a\u00e7\u00f5es de todos para prevenir e reprimir o roubo de cargas que passa obviamente pela articula\u00e7\u00e3o de muitas organiza\u00e7\u00f5es criminosas\u201d, afirmou.<\/p>\n<p><strong>Preju\u00edzos<\/strong><\/p>\n<p>De acordo com dados da Confedera\u00e7\u00e3o Nacional do Transporte (CNT), em 2014 o preju\u00edzo com roubo de cargas, no Brasil, foi de mais de R$ 2 bilh\u00f5es. Somente com carga perdida, foi R$ 1 bilh\u00e3o. O restante compreende o valor dos 3,2 mil ve\u00edculos que n\u00e3o foram recuperados, 22% do total furtado ou roubado.<\/p>\n<p>Apesar das perdas do ano passado, o Denatran registrou, pela primeira vez, mais recupera\u00e7\u00f5es do que roubos e furtos de ve\u00edculos.<\/p>\n<p>De acordo com a publica\u00e7\u00e3o da CNT, somente os estados do Rio de Janeiro e de S\u00e3o Paulo responderam por mais de 80% das ocorr\u00eancias. A regi\u00e3o Sudeste concentra boa parte do fluxo das cargas importadas ou exportadas do Brasil. Em 2014, somente o porto de Santos movimentou mais de 111 milh\u00f5es de toneladas de produtos.<\/p>\n<p>\u201cEsse projeto vai englobar a\u00e7\u00f5es de todos para prevenir e reprimir o roubo de cargas que passa obviamente pela articula\u00e7\u00e3o de muitas organiza\u00e7\u00f5es criminosas\u201d, afirmou.<\/p>\n<p>Fonte: G1 DF<\/p>\n","protected":false},"excerpt":{"rendered":"<p>O governo federal publicou na \u00faltima quarta-feira (23) no Di\u00e1rio Oficial da Uni\u00e3o a Pol\u00edtica Nacional de Preven\u00e7\u00e3o, Fiscaliza\u00e7\u00e3o e Repress\u00e3o ao Furto e Roubo&#8230;<\/p>\n","protected":false},"author":1182,"featured_media":10671,"comment_status":"closed","ping_status":"closed","sticky":false,"template":"","format":"standard","meta":{"footnotes":""},"categories":[6],"tags":[],"class_list":["post-17708","post","type-post","status-publish","format-standard","has-post-thumbnail","hentry","category-noticias"],"_links":{"self":[{"href":"https:\/\/www.sincomam.org.br\/index.php\/wp-json\/wp\/v2\/posts\/17708","targetHints":{"allow":["GET"]}}],"collection":[{"href":"https:\/\/www.sincomam.org.br\/index.php\/wp-json\/wp\/v2\/posts"}],"about":[{"href":"https:\/\/www.sincomam.org.br\/index.php\/wp-json\/wp\/v2\/types\/post"}],"author":[{"embeddable":true,"href":"https:\/\/www.sincomam.org.br\/index.php\/wp-json\/wp\/v2\/users\/1182"}],"replies":[{"embeddable":true,"href":"https:\/\/www.sincomam.org.br\/index.php\/wp-json\/wp\/v2\/comments?post=17708"}],"version-history":[{"count":1,"href":"https:\/\/www.sincomam.org.br\/index.php\/wp-json\/wp\/v2\/posts\/17708\/revisions"}],"predecessor-version":[{"id":17709,"href":"https:\/\/www.sincomam.org.br\/index.php\/wp-json\/wp\/v2\/posts\/17708\/revisions\/17709"}],"wp:featuredmedia":[{"embeddable":true,"href":"https:\/\/www.sincomam.org.br\/index.php\/wp-json\/wp\/v2\/media\/10671"}],"wp:attachment":[{"href":"https:\/\/www.sincomam.org.br\/index.php\/wp-json\/wp\/v2\/media?parent=17708"}],"wp:term":[{"taxonomy":"category","embeddable":true,"href":"https:\/\/www.sincomam.org.br\/index.php\/wp-json\/wp\/v2\/categories?post=17708"},{"taxonomy":"post_tag","embeddable":true,"href":"https:\/\/www.sincomam.org.br\/index.php\/wp-json\/wp\/v2\/tags?post=17708"}],"curies":[{"name":"wp","href":"https:\/\/api.w.org\/{rel}","templated":true}]}}