{"id":17695,"date":"2015-12-29T08:17:25","date_gmt":"2015-12-29T10:17:25","guid":{"rendered":"http:\/\/www.sincomam.org.br\/?p=17695"},"modified":"2015-12-28T13:22:49","modified_gmt":"2015-12-28T15:22:49","slug":"marinha-apura-como-barco-afundou-e-se-houve-omissao-a-naufragos-no-ce","status":"publish","type":"post","link":"https:\/\/www.sincomam.org.br\/index.php\/marinha-apura-como-barco-afundou-e-se-houve-omissao-a-naufragos-no-ce\/","title":{"rendered":"Marinha apura como barco afundou e se houve omiss\u00e3o a n\u00e1ufragos no CE"},"content":{"rendered":"<p><strong><em>&#8216;Primeiro passo \u00e9 ter essas informa\u00e7\u00f5es&#8217;, diz subtenente da Marinha. \u00daltimos n\u00e1ufragos internados receberam alta na tarde deste s\u00e1bado<\/p>\n<p><\/em><\/strong>A Marinha anunciou no \u00faltimo s\u00e1bado (26) que vai abrir um inqu\u00e9rito para apurar como o barco com oito pescadores afundou entre os litorais do Cear\u00e1 e Pernambuco e se houve omiss\u00e3o de socorro aos n\u00e1ufragos. Eles passaram cinco dias \u00e0 deriva e foram resgatados na noite de quinta-feira (24) por uma embarca\u00e7\u00e3o cearense.<strong><em><br \/><\/em><\/strong><\/p>\n<p>Na investiga\u00e7\u00e3o, a Marinha vai apurar se outra embarca\u00e7\u00e3o passou pelos n\u00e1ufragos quando eles estavam no bote e n\u00e3o prestou socorro ou se houve algum comunicado por r\u00e1dio antes do resgate. &#8220;O primeiro passo \u00e9 ter essas informa\u00e7\u00f5es em m\u00e3os para que o inqu\u00e9rito possa elucidar todas as circunst\u00e2ncias que foram envolvidas nesse naufr\u00e1gio&#8221;, disse o tenente Francisco do Horizonte, chefe do departamento de seguran\u00e7a do tr\u00e1fego aquavi\u00e1rio no Cear\u00e1.<\/p>\n<p><strong>Dois \u00faltimos n\u00e1ufragos t\u00eam alta<\/strong><\/p>\n<p>Os dois \u00faltimos pescadores resgatados no Cear\u00e1 que estavam internados numa Unidade de Pronto Atendimento (UPA) de Fortaleza receberam alta na tarde deste s\u00e1bado (26). Francisco Monteiro de Oliveira, 64 anos, e Carlos Andr\u00e9 dos Santos, 31, tiveram infec\u00e7\u00f5es ocasionadas por uma bact\u00e9ria adquirida enquanto ficaram \u00e0 deriva por cinco dias entre os litorais do Cear\u00e1 e Pernambuco. Eles precisaram ficar hospitalizados um dia a mais que os outros seis n\u00e1ufragos, que foram liberados na tarde desta sexta-feira (25).<\/p>\n<p>Ap\u00f3s sa\u00edram da UPA, os dois pescadores foram ao 2\u00ba Distrito Policial, no Bairro Meireles, para registrar um boletim de ocorr\u00eancia pela perda dos documentos. Eles viajam de \u00f4nibus para Natal \u00e0s 19h deste s\u00e1bado compassagens compradas a partir de doa\u00e7\u00f5es de moradores de Fortaleza.<\/p>\n<p>Os n\u00e1ufragos passaram cinco dias \u00e0 deriva no mar usando uma balsa ap\u00f3s naufragarem entre os litorais do Cear\u00e1 e Pernambuco at\u00e9 serem encontrados pela embarca\u00e7\u00e3o do cearense Jos\u00e9 Nilton Pereira da Silva, 52 anos.<\/p>\n<p><strong>Reencontro emocionante<\/strong><\/p>\n<p>Ap\u00f3s uma longa espera, o reencontro. Seis dos oito n\u00e1ufragos potiguares resgatados no Cear\u00e1 chegaram a Natal na madrugada deste s\u00e1bado (26). O \u00f4nibus com os seis pescadores chegou na rodovi\u00e1ria de Natal por volta das 3h15. Dona Zeneide Brito aguardava ansiosa a chegada do marido, o pescador Luiz Brito. \u201cEu ganhei um novo natal. Gra\u00e7as a Deus ele est\u00e1 de volta\u201d, disse, ap\u00f3s dar um abra\u00e7o emocionado no marido.<\/p>\n<p><strong>O naufr\u00e1gio<\/strong><\/p>\n<p>A embarca\u00e7\u00e3o Rei Artur saiu de Natal (RN) para pescar e naufragou perto da ilha de Fernando de Noronha, em Pernambuco, por volta das 5 horas do dia 19. Os n\u00e1ufragos foram encontrados a 15 km da Praia da Caponga, no litoral leste do Cear\u00e1, nesta quinta.<\/p>\n<p>De acordo com a Capitania dos Portos do Cear\u00e1, a tripula\u00e7\u00e3o de um navio mercante avisou da necessidade do resgate ao barco cearense. A capitania vai abrir investiga\u00e7\u00e3o para identificar as causas do naufr\u00e1gio.<\/p>\n<p>Segundo declara\u00e7\u00f5es de um dos pescadores na chegada a Fortaleza, o piso de madeira da cozinha do barco cedeu. A embarca\u00e7\u00e3o perdeu estabilidade, pendeu para um dos lados e ficou cheia de \u00e1gua.<\/p>\n<p>Nilton relatou que os n\u00e1ufragos pediram socorro acenando com as m\u00e3os. &#8220;Estava em alto-mar, pescando. Um tripulante meu se levantou, e avistou um vulto distante em alto-mar, a umas 2 milhas de onde eu estava. Era uma boia, e fomos ver o que \u00e9. Posicionei a m\u00e1quina do barco. Notei que era uma balsa. E se for balsa de d\u2019\u00e1gua, a gente j\u00e1 sabe vem gente viva ou morta. Me aproximei, vinham pedido socorro com as m\u00e3os. Estavam todos dentro d\u2019\u00e1gua. A balsa n\u00e3o suportava mais o peso. Estava vazando. Estavam s\u00f3 segurando e tentando nadar pra terra, mas n\u00e3o tinha terra&#8221;, afirmou.<\/p>\n<p><strong>Chegada<\/strong><\/p>\n<p>Os oito n\u00e1ufragos foram levados ao local conhecido como Porto dos Botes, na Praia do Mucuripe, pela embarca\u00e7\u00e3o de Nilton. Eles foram ajudados por pescadores e moradores durante o desembarque e receberam os primeiros socorros do Samu j\u00e1 na chegada. Os homens estavam bastante debilitados e alguns n\u00e3o conseguiam mais andar.<\/p>\n<p>Fonte: G1 CE<\/p>\n<p><strong><em><\/em><\/strong><\/p>\n","protected":false},"excerpt":{"rendered":"<p>&#8216;Primeiro passo \u00e9 ter essas informa\u00e7\u00f5es&#8217;, diz subtenente da Marinha. \u00daltimos n\u00e1ufragos internados receberam alta na tarde deste s\u00e1bado A Marinha anunciou no \u00faltimo s\u00e1bado&#8230;<\/p>\n","protected":false},"author":1182,"featured_media":9775,"comment_status":"closed","ping_status":"closed","sticky":false,"template":"","format":"standard","meta":{"footnotes":""},"categories":[6],"tags":[],"class_list":["post-17695","post","type-post","status-publish","format-standard","has-post-thumbnail","hentry","category-noticias"],"_links":{"self":[{"href":"https:\/\/www.sincomam.org.br\/index.php\/wp-json\/wp\/v2\/posts\/17695","targetHints":{"allow":["GET"]}}],"collection":[{"href":"https:\/\/www.sincomam.org.br\/index.php\/wp-json\/wp\/v2\/posts"}],"about":[{"href":"https:\/\/www.sincomam.org.br\/index.php\/wp-json\/wp\/v2\/types\/post"}],"author":[{"embeddable":true,"href":"https:\/\/www.sincomam.org.br\/index.php\/wp-json\/wp\/v2\/users\/1182"}],"replies":[{"embeddable":true,"href":"https:\/\/www.sincomam.org.br\/index.php\/wp-json\/wp\/v2\/comments?post=17695"}],"version-history":[{"count":1,"href":"https:\/\/www.sincomam.org.br\/index.php\/wp-json\/wp\/v2\/posts\/17695\/revisions"}],"predecessor-version":[{"id":17696,"href":"https:\/\/www.sincomam.org.br\/index.php\/wp-json\/wp\/v2\/posts\/17695\/revisions\/17696"}],"wp:featuredmedia":[{"embeddable":true,"href":"https:\/\/www.sincomam.org.br\/index.php\/wp-json\/wp\/v2\/media\/9775"}],"wp:attachment":[{"href":"https:\/\/www.sincomam.org.br\/index.php\/wp-json\/wp\/v2\/media?parent=17695"}],"wp:term":[{"taxonomy":"category","embeddable":true,"href":"https:\/\/www.sincomam.org.br\/index.php\/wp-json\/wp\/v2\/categories?post=17695"},{"taxonomy":"post_tag","embeddable":true,"href":"https:\/\/www.sincomam.org.br\/index.php\/wp-json\/wp\/v2\/tags?post=17695"}],"curies":[{"name":"wp","href":"https:\/\/api.w.org\/{rel}","templated":true}]}}