{"id":17689,"date":"2015-12-29T08:04:39","date_gmt":"2015-12-29T10:04:39","guid":{"rendered":"http:\/\/www.sincomam.org.br\/?p=17689"},"modified":"2015-12-28T13:11:31","modified_gmt":"2015-12-28T15:11:31","slug":"governo-autoriza-embarque-de-50-mil-bois-no-porto-de-vila-do-conde","status":"publish","type":"post","link":"https:\/\/www.sincomam.org.br\/index.php\/governo-autoriza-embarque-de-50-mil-bois-no-porto-de-vila-do-conde\/","title":{"rendered":"Governo autoriza embarque de 50 mil bois no Porto de Vila do Conde"},"content":{"rendered":"<p>A Secretaria de Estado de Meio Ambiente e Sustentabilidade (Semas) anunciou nesta quarta-feira (23) que o titular do \u00f3rg\u00e3o ambiental, Luiz Fernandes Rocha, assinou a autoriza\u00e7\u00e3o para o embarque emergencial de 50 mil cabe\u00e7as de gado que estavam aguardando na \u00e1rea de pr\u00e9-embarque no Porto de Vila do Conde, em Barcarena, noreste do estadp. A autoriza\u00e7\u00e3o foi assinada de acordo com o Plano Emergencial entregue pela Companhia Docas do Par\u00e1 (CDP) e aprovado pela equipe t\u00e9cnica da Semas.<\/p>\n<p>De acordo com a secretaria, a CDP apresentou um plano de embarque e informou os preju\u00edzos em manter os animais no est\u00e1bulo pr\u00f3ximo ao porto. Ainda n\u00e3o h\u00e1 data prevista para a exporta\u00e7\u00e3o dos bois, que ser\u00e1 o primeiro ap\u00f3s o desastre ambiental ocorrido em outubro, quando um navio com cinco mil cabe\u00e7as de bois naufragou em Vila do Conde. Mesmo com a libera\u00e7\u00e3o, ainda n\u00e3o h\u00e1 previs\u00e3o para que o porto volte a funcionar normalmente.<\/p>\n<p><strong>Naufr\u00e1gio<\/strong><\/p>\n<p>A trag\u00e9dia ambiental contaminou o rio e causou diversos transtornos para a popula\u00e7\u00e3o. Os minist\u00e9rios p\u00fablicos Federal e Estadual do Par\u00e1, a Procuradoria Geral do Estado e a Defensoria P\u00fablica ajuizaram uma a\u00e7\u00e3o civil na justi\u00e7a Federal solicitando pagamento m\u00ednimo de R$ 71 milh\u00f5es em indeniza\u00e7\u00f5es pelos danos sociais e ambientais provocados pelo naufr\u00e1gio. S\u00e3o apontados como r\u00e9us no processo os donos do Haidar, as empresas Husei Sleiman e Tamara Shiping; a dona da carga de bois vivos, Minerva S.A; as respons\u00e1veis pelo embarque dos bois, Global Ag\u00eancia M\u00e1ritima e Norte Trading Operadora Portu\u00e1ria; e a Companhia Docas do Par\u00e1, dona do porto de Vila do Conde. Al\u00e9m da contamina\u00e7\u00e3o e dos extensos preju\u00edzos sociais e ambientais, eles s\u00e3o acusados de crueldade e maus-tratos com os animais.<\/p>\n<p>Fonte: G1 PA<\/p>\n","protected":false},"excerpt":{"rendered":"<p>A Secretaria de Estado de Meio Ambiente e Sustentabilidade (Semas) anunciou nesta quarta-feira (23) que o titular do \u00f3rg\u00e3o ambiental, Luiz Fernandes Rocha, assinou a&#8230;<\/p>\n","protected":false},"author":1182,"featured_media":0,"comment_status":"closed","ping_status":"closed","sticky":false,"template":"","format":"standard","meta":{"footnotes":""},"categories":[6],"tags":[],"class_list":["post-17689","post","type-post","status-publish","format-standard","hentry","category-noticias"],"_links":{"self":[{"href":"https:\/\/www.sincomam.org.br\/index.php\/wp-json\/wp\/v2\/posts\/17689","targetHints":{"allow":["GET"]}}],"collection":[{"href":"https:\/\/www.sincomam.org.br\/index.php\/wp-json\/wp\/v2\/posts"}],"about":[{"href":"https:\/\/www.sincomam.org.br\/index.php\/wp-json\/wp\/v2\/types\/post"}],"author":[{"embeddable":true,"href":"https:\/\/www.sincomam.org.br\/index.php\/wp-json\/wp\/v2\/users\/1182"}],"replies":[{"embeddable":true,"href":"https:\/\/www.sincomam.org.br\/index.php\/wp-json\/wp\/v2\/comments?post=17689"}],"version-history":[{"count":1,"href":"https:\/\/www.sincomam.org.br\/index.php\/wp-json\/wp\/v2\/posts\/17689\/revisions"}],"predecessor-version":[{"id":17691,"href":"https:\/\/www.sincomam.org.br\/index.php\/wp-json\/wp\/v2\/posts\/17689\/revisions\/17691"}],"wp:attachment":[{"href":"https:\/\/www.sincomam.org.br\/index.php\/wp-json\/wp\/v2\/media?parent=17689"}],"wp:term":[{"taxonomy":"category","embeddable":true,"href":"https:\/\/www.sincomam.org.br\/index.php\/wp-json\/wp\/v2\/categories?post=17689"},{"taxonomy":"post_tag","embeddable":true,"href":"https:\/\/www.sincomam.org.br\/index.php\/wp-json\/wp\/v2\/tags?post=17689"}],"curies":[{"name":"wp","href":"https:\/\/api.w.org\/{rel}","templated":true}]}}