{"id":17663,"date":"2015-12-23T08:07:39","date_gmt":"2015-12-23T10:07:39","guid":{"rendered":"http:\/\/www.sincomam.org.br\/?p=17663"},"modified":"2015-12-23T14:08:30","modified_gmt":"2015-12-23T16:08:30","slug":"movimentacao-de-frutas-cresce-53-em-2015-e-lidera-exportacoes-no-porto-do-pecem","status":"publish","type":"post","link":"https:\/\/www.sincomam.org.br\/index.php\/movimentacao-de-frutas-cresce-53-em-2015-e-lidera-exportacoes-no-porto-do-pecem\/","title":{"rendered":"Movimenta\u00e7\u00e3o de frutas cresce 53% em 2015 e lidera exporta\u00e7\u00f5es no porto do Pec\u00e9m"},"content":{"rendered":"<p>A movimenta\u00e7\u00e3o de frutas liderou as atividades de exporta\u00e7\u00e3o de longo curso no Porto do Pec\u00e9m, em 2015. Mesmo com a atual situa\u00e7\u00e3o econ\u00f4mica do pa\u00eds, o porto exportou mais de 200 mil toneladas de frutas, ultrapassando os \u00faltimos dois anos: 2014 (135 mil toneladas) e 2013 (155 mil toneladas).<\/p>\n<p>&#8220;Enviamos as frutas principalmente para a Europa. O Porto do Pec\u00e9m \u00e9 muito utilizado por causa de sua localiza\u00e7\u00e3o estrat\u00e9gica, que encurta o tempo de viagem, aumentando a qualidade do produto ao chegar a seu destino&#8221;, disse o presidente da Cear\u00e1portos, Danilo Serpa. As frutas enviadas para o exterior s\u00e3o produzidas nos estados do Cear\u00e1, Rio Grande do Norte, Bahia e Pernambuco, e abastecem, principalmente, pa\u00edses como Holanda (40%), Estados Unidos (18%), Gr\u00e3 Bretanha (40%) e Espanha (8%).<\/p>\n<p>O mel\u00e3o ocupa o primeiro lugar no ranking das frutas exportadas, com 120.514 toneladas, seguido da manga (44.325 toneladas), e da melancia (23.957 toneladas). Al\u00e9m desses, tamb\u00e9m s\u00e3o enviados para o exterior, atrav\u00e9s do terminal, uvas frescas, passas, castanha de caju e mam\u00e3o. O grande volume e a variedade dos produtos colocam o Porto do Pec\u00e9m como um dos maiores exportadores de frutas do Brasil. De acordo com o presidente da Associa\u00e7\u00e3o Brasileira dos Produtores Exportadores de Frutas e Derivados (Abrafrutas), Luiz Roberto Barcelos, o Porto do Pec\u00e9m exerce um papel fundamental no setor de fruticultura. &#8220;A estrutura que o Pec\u00e9m oferece faz com que a gente queira aumentar a produ\u00e7\u00e3o, pois a sua a capacidade de receber grandes navios das maiores companhias de navega\u00e7\u00e3o do mundo, as tomadas para containers refrigerados, dentre outros aspectos, ir\u00e1 continuar atendendo o crescimento da empresa&#8221;, disse Barcelos.<\/p>\n<p>Outras mercadorias que apresentaram um crescimento significativo no n\u00famero de exporta\u00e7\u00f5es s\u00e3o: produtos minerais como sal, enxofre, terras, pedras, gesso, cal e cimento (52%), metais comuns (81%), algod\u00e3o (36%) e peles e couros (33%).<\/p>\n<p>At\u00e9 o m\u00eas de novembro, foram movimentadas atrav\u00e9s do Pec\u00e9m, 6.612.177 toneladas, 13% a menos que mesmo per\u00edodo de 2014. Por\u00e9m, mesmo com a retra\u00e7\u00e3o, o presidente da Cear\u00e1portos considera 2015 um ano de conquistas e se mostra confiante quanto ao pr\u00f3ximo ano. &#8220;J\u00e1 era previsto que a movimenta\u00e7\u00e3o este ano seria menor, devido \u00e0 fase de opera\u00e7\u00f5es em que se encontra a Sider\u00fargica e a crise que acontece no pa\u00eds. No entanto, em 2016, a Companhia Sider\u00fargica do Pec\u00e9m come\u00e7ar\u00e1 a funcionar e, somente ela, durante a sua fase inicial, ir\u00e1 movimentar por ano cerca de 3 milh\u00f5es de toneladas de placas de a\u00e7o&#8221;. Segundo Serpa, 2015 foi um ano importante para &#8220;melhorar a nossa infra-estrutura, qualidade de servi\u00e7os e buscar mais investimentos para o Complexo Industrial e Portu\u00e1rio do Pec\u00e9m \u2013 CIPP&#8221;.<\/p>\n<p>Os bons resultados consolidam a import\u00e2ncia do Porto do Pec\u00e9m, considerado a porta de entrada para grandes investimentos no Estado do Cear\u00e1. Tanto que o terminal tem recebido a visita de diversas empresas internacionais. Prestes a concluir a obra de segunda expans\u00e3o, que vai aumentar a capacidade de movimenta\u00e7\u00e3o do porto, e j\u00e1 com a terceira obra de expans\u00e3o em estudo, o porto cearense trabalha ainda para receber um Hub de cargas a n\u00edvel internacional.<\/p>\n<p>Fonte: Assessoria de Imprensa da Cear\u00e1portos\/Luiza Dantas<\/p>\n","protected":false},"excerpt":{"rendered":"<p>A movimenta\u00e7\u00e3o de frutas liderou as atividades de exporta\u00e7\u00e3o de longo curso no Porto do Pec\u00e9m, em 2015. Mesmo com a atual situa\u00e7\u00e3o econ\u00f4mica do&#8230;<\/p>\n","protected":false},"author":1182,"featured_media":3207,"comment_status":"closed","ping_status":"closed","sticky":false,"template":"","format":"standard","meta":{"footnotes":""},"categories":[6],"tags":[],"class_list":["post-17663","post","type-post","status-publish","format-standard","has-post-thumbnail","hentry","category-noticias"],"_links":{"self":[{"href":"https:\/\/www.sincomam.org.br\/index.php\/wp-json\/wp\/v2\/posts\/17663","targetHints":{"allow":["GET"]}}],"collection":[{"href":"https:\/\/www.sincomam.org.br\/index.php\/wp-json\/wp\/v2\/posts"}],"about":[{"href":"https:\/\/www.sincomam.org.br\/index.php\/wp-json\/wp\/v2\/types\/post"}],"author":[{"embeddable":true,"href":"https:\/\/www.sincomam.org.br\/index.php\/wp-json\/wp\/v2\/users\/1182"}],"replies":[{"embeddable":true,"href":"https:\/\/www.sincomam.org.br\/index.php\/wp-json\/wp\/v2\/comments?post=17663"}],"version-history":[{"count":1,"href":"https:\/\/www.sincomam.org.br\/index.php\/wp-json\/wp\/v2\/posts\/17663\/revisions"}],"predecessor-version":[{"id":17664,"href":"https:\/\/www.sincomam.org.br\/index.php\/wp-json\/wp\/v2\/posts\/17663\/revisions\/17664"}],"wp:featuredmedia":[{"embeddable":true,"href":"https:\/\/www.sincomam.org.br\/index.php\/wp-json\/wp\/v2\/media\/3207"}],"wp:attachment":[{"href":"https:\/\/www.sincomam.org.br\/index.php\/wp-json\/wp\/v2\/media?parent=17663"}],"wp:term":[{"taxonomy":"category","embeddable":true,"href":"https:\/\/www.sincomam.org.br\/index.php\/wp-json\/wp\/v2\/categories?post=17663"},{"taxonomy":"post_tag","embeddable":true,"href":"https:\/\/www.sincomam.org.br\/index.php\/wp-json\/wp\/v2\/tags?post=17663"}],"curies":[{"name":"wp","href":"https:\/\/api.w.org\/{rel}","templated":true}]}}