{"id":17613,"date":"2015-12-23T08:02:16","date_gmt":"2015-12-23T10:02:16","guid":{"rendered":"http:\/\/www.sincomam.org.br\/?p=17613"},"modified":"2015-12-21T13:03:43","modified_gmt":"2015-12-21T15:03:43","slug":"antaq-e-mpog-assinam-acordo-de-cooperacao-tecnica-do-sistema-eletronico-de-informacoes","status":"publish","type":"post","link":"https:\/\/www.sincomam.org.br\/index.php\/antaq-e-mpog-assinam-acordo-de-cooperacao-tecnica-do-sistema-eletronico-de-informacoes\/","title":{"rendered":"ANTAQ e MPOG assinam acordo de coopera\u00e7\u00e3o t\u00e9cnica do sistema eletr\u00f4nico de informa\u00e7\u00f5es"},"content":{"rendered":"<p>A Ag\u00eancia Nacional de Transportes Aquavi\u00e1rios \u2013 ANTAQ e o Minist\u00e9rio do Planejamento, Or\u00e7amento e Gest\u00e3o \u2013 MPOG, atrav\u00e9s da Secretaria de Log\u00edstica e Tecnologia da Informa\u00e7\u00e3o, firmaram acordo de coopera\u00e7\u00e3o t\u00e9cnica e do plano de trabalho para implanta\u00e7\u00e3o do Sistema Eletr\u00f4nico de Informa\u00e7\u00f5es \u2013 SEI na Ag\u00eancia. O Sistema come\u00e7a a funcionar em toda a ANTAQ j\u00e1 a partir de janeiro pr\u00f3ximo.<\/p>\n<p>O acordo foi assinado na manh\u00e3 da \u00faltima sexta-feira (18) pelo diretor-geral da ANTAQ, M\u00e1rio Povia, e pelo secret\u00e1rio de Log\u00edstica e Tecnologia da Informa\u00e7\u00e3o do MPOG, Cristiano Heckert, durante solenidade realizada na sede da autarquia, em Bras\u00edlia. A solenidade contou ainda com a participa\u00e7\u00e3o dos diretores da Ag\u00eancia, Fernando Fonseca e Adalberto Tokarski.<\/p>\n<p>O diretor geral da ANTAQ destacou a import\u00e2ncia do Sistema Eletr\u00f4nico para o tr\u00e2mite de processos e informa\u00e7\u00f5es da Ag\u00eancia. \u201cEstamos no caminho certo. O SEI vai permitir uma maior sinergia entre os diversos setores da autarquia, al\u00e9m de trazer uma maior dissemina\u00e7\u00e3o do conhecimento, celeridade e comodidade no encaminhamento dos processos com a possibilidade da troca de informa\u00e7\u00f5es remotamente\u201d, disse.<\/p>\n<p>O secret\u00e1rio de Log\u00edstica e Tecnologia da Informa\u00e7\u00e3o do MPOG, Cristiano Heckert, por sua vez, lembrou que com a assinatura da coopera\u00e7\u00e3o a ANTAQ passa a integrar uma comunidade que j\u00e1 conta com 18 \u00f3rg\u00e3os e mais 34 em processo de implanta\u00e7\u00e3o.<\/p>\n<p>Heckert apontou como ganhos do SEI a facilidade de opera\u00e7\u00e3o, redu\u00e7\u00e3o da burocracia e a economia de papel e servi\u00e7os postais, entre outros. \u201cEm pleno S\u00e9culo XXI ainda perd\u00edamos muito tempo carimbando papel. O SEI \u00e9 uma verdadeira revolu\u00e7\u00e3o e um ganho enorme em todos os sentidos\u201d, apontou.<\/p>\n<p>O secret\u00e1rio do MPOG informou ainda que em dois anos toda a administra\u00e7\u00e3o p\u00fablica federal dever\u00e1 migrar para o Sistema.<\/p>\n<p><strong>O Sistema<\/strong><\/p>\n<p>O Sistema Eletr\u00f4nico de Informa\u00e7\u00f5es (SEI!) foi desenvolvido pelo Tribunal Regional Federal da 4\u00aa Regi\u00e3o (TRF4). Trata-se de uma plataforma que engloba um conjunto de m\u00f3dulos e funcionalidades que promovem a efici\u00eancia administrativa.<\/p>\n<p>\u00c9 tamb\u00e9m um sistema de gest\u00e3o de processos e documentos eletr\u00f4nicos, dotado de pr\u00e1ticas inovadoras de trabalho, que tem como principais caracter\u00edsticas o fim do uso do papel como suporte f\u00edsico para documentos institucionais e o compartilhamento do conhecimento com atualiza\u00e7\u00e3o e comunica\u00e7\u00e3o de novos eventos em tempo real.<\/p>\n<p>O SEI funciona no \u00e2mbito do projeto Processo Eletr\u00f4nico Nacional (PEN), iniciativa conjunta de \u00f3rg\u00e3os e entidades de diversas esferas da administra\u00e7\u00e3o p\u00fablica, com o intuito de construir uma infraestrutura p\u00fablica de processos e documentos administrativos eletr\u00f4nicos. Coordenado pelo Minist\u00e9rio do Planejamento, Or\u00e7amento e Gest\u00e3o, o PEN proporciona a integra\u00e7\u00e3o de diferentes esfor\u00e7os em curso no \u00e2mbito do governo federal e objetiva a melhoria no desempenho dos processos da administra\u00e7\u00e3o p\u00fablica, com ganhos em agilidade, produtividade, transpar\u00eancia, satisfa\u00e7\u00e3o do p\u00fablico usu\u00e1rio e redu\u00e7\u00e3o de custos.<\/p>\n<p>Fonte: Antaq<\/p>\n","protected":false},"excerpt":{"rendered":"<p>A Ag\u00eancia Nacional de Transportes Aquavi\u00e1rios \u2013 ANTAQ e o Minist\u00e9rio do Planejamento, Or\u00e7amento e Gest\u00e3o \u2013 MPOG, atrav\u00e9s da Secretaria de Log\u00edstica e Tecnologia&#8230;<\/p>\n","protected":false},"author":1182,"featured_media":8125,"comment_status":"closed","ping_status":"closed","sticky":false,"template":"","format":"standard","meta":{"footnotes":""},"categories":[6],"tags":[],"class_list":["post-17613","post","type-post","status-publish","format-standard","has-post-thumbnail","hentry","category-noticias"],"_links":{"self":[{"href":"https:\/\/www.sincomam.org.br\/index.php\/wp-json\/wp\/v2\/posts\/17613","targetHints":{"allow":["GET"]}}],"collection":[{"href":"https:\/\/www.sincomam.org.br\/index.php\/wp-json\/wp\/v2\/posts"}],"about":[{"href":"https:\/\/www.sincomam.org.br\/index.php\/wp-json\/wp\/v2\/types\/post"}],"author":[{"embeddable":true,"href":"https:\/\/www.sincomam.org.br\/index.php\/wp-json\/wp\/v2\/users\/1182"}],"replies":[{"embeddable":true,"href":"https:\/\/www.sincomam.org.br\/index.php\/wp-json\/wp\/v2\/comments?post=17613"}],"version-history":[{"count":1,"href":"https:\/\/www.sincomam.org.br\/index.php\/wp-json\/wp\/v2\/posts\/17613\/revisions"}],"predecessor-version":[{"id":17614,"href":"https:\/\/www.sincomam.org.br\/index.php\/wp-json\/wp\/v2\/posts\/17613\/revisions\/17614"}],"wp:featuredmedia":[{"embeddable":true,"href":"https:\/\/www.sincomam.org.br\/index.php\/wp-json\/wp\/v2\/media\/8125"}],"wp:attachment":[{"href":"https:\/\/www.sincomam.org.br\/index.php\/wp-json\/wp\/v2\/media?parent=17613"}],"wp:term":[{"taxonomy":"category","embeddable":true,"href":"https:\/\/www.sincomam.org.br\/index.php\/wp-json\/wp\/v2\/categories?post=17613"},{"taxonomy":"post_tag","embeddable":true,"href":"https:\/\/www.sincomam.org.br\/index.php\/wp-json\/wp\/v2\/tags?post=17613"}],"curies":[{"name":"wp","href":"https:\/\/api.w.org\/{rel}","templated":true}]}}