{"id":17604,"date":"2015-12-22T08:28:24","date_gmt":"2015-12-22T10:28:24","guid":{"rendered":"http:\/\/www.sincomam.org.br\/?p=17604"},"modified":"2015-12-21T12:31:07","modified_gmt":"2015-12-21T14:31:07","slug":"autoridade-do-canal-do-panama-preve-novo-atraso-na-inauguracao-de-ampliacao","status":"publish","type":"post","link":"https:\/\/www.sincomam.org.br\/index.php\/autoridade-do-canal-do-panama-preve-novo-atraso-na-inauguracao-de-ampliacao\/","title":{"rendered":"Autoridade do canal do panam\u00e1 prev\u00ea novo atraso na inaugura\u00e7\u00e3o de amplia\u00e7\u00e3o"},"content":{"rendered":"<p>O administrador da Autoridade do Canal do Panam\u00e1 (ACP) , Jorge Quijano, disse na \u00faltima sexta-feira que a apari\u00e7\u00e3o de vazamentos no novo sistema de eclusas de embarque atrasar\u00e1 em pelo menos dois meses a inaugura\u00e7\u00e3o da amplia\u00e7\u00e3o da via interoce\u00e2nica, inicialmente prevista para abril do pr\u00f3ximo ano.<\/p>\n<p>&#8220;Estamos esperando at\u00e9 o \u00faltimo momento para ter suficiente certeza sobre a nova data da inaugura\u00e7\u00e3o da via ampliada&#8221;, declarou Quijano em um encontro com empres\u00e1rios na capital panamenha.<\/p>\n<p>O respons\u00e1vel pela ACP afirmou que o plano da administra\u00e7\u00e3o da via por onde passa cerca de 6% do com\u00e9rcio mundial \u00e9 que tanto a inaugura\u00e7\u00e3o, como o in\u00edcio das opera\u00e7\u00f5es, ocorra dentro do segundo trimestre do pr\u00f3ximo ano.<\/p>\n<p>Em abril de 2016, quando estava prevista a inaugura\u00e7\u00e3o do novo sistema de eclusas constru\u00eddo pelo cons\u00f3rcio Grupo Unidos pelo Canal (GUPC), ser\u00e3o iniciados os testes de navega\u00e7\u00e3o, inicialmente programadas para janeiro, disse Quijano.<\/p>\n<p>&#8220;Nosso plano \u00e9 come\u00e7ar a fazer os testes, baseado em conversas que tivemos com eles (GUPC), com uma embarca\u00e7\u00e3o fretada nas eclusas de embarque do Atl\u00e2ntico no m\u00eas de abril. Mudamos para abril devido a esses problemas que tivemos&#8221;, explicou.<\/p>\n<p>A apari\u00e7\u00e3o de fissuras em uma das paredes da nova eclusa de embarque do Pac\u00edfico no meio deste ano obrigou o GUPC a fazer um refor\u00e7o na estrutura, trabalho que deve terminar em janeiro.<\/p>\n<p>&#8220;Essas eclusas devem estar funcionando em algum momento de abril. Depois disso, teremos que escolher a data de inaugura\u00e7\u00e3o e, posteriormente, mas muito pr\u00f3xima dela, a data de in\u00edcio da opera\u00e7\u00e3o comercial. Nosso plano \u00e9 nos mantermos dentro do segundo trimestre de 2016&#8221;, disse Quijano.<\/p>\n<p>A inaugura\u00e7\u00e3o da amplia\u00e7\u00e3o do Canal do Panam\u00e1, que teve in\u00edcio em 2007, estava prevista em princ\u00edpio para outubro de 2014, mas diferentes conflitos, entre eles contratuais, e greves sindicais, atrasaram as obras, or\u00e7adas em US$ 5,25 bilh\u00f5es e est\u00e3o 95% conclu\u00eddas.<\/p>\n<p>Fonte: EFE<\/p>\n","protected":false},"excerpt":{"rendered":"<p>O administrador da Autoridade do Canal do Panam\u00e1 (ACP) , Jorge Quijano, disse na \u00faltima sexta-feira que a apari\u00e7\u00e3o de vazamentos no novo sistema de&#8230;<\/p>\n","protected":false},"author":1182,"featured_media":6734,"comment_status":"closed","ping_status":"closed","sticky":false,"template":"","format":"standard","meta":{"footnotes":""},"categories":[6],"tags":[],"class_list":["post-17604","post","type-post","status-publish","format-standard","has-post-thumbnail","hentry","category-noticias"],"_links":{"self":[{"href":"https:\/\/www.sincomam.org.br\/index.php\/wp-json\/wp\/v2\/posts\/17604","targetHints":{"allow":["GET"]}}],"collection":[{"href":"https:\/\/www.sincomam.org.br\/index.php\/wp-json\/wp\/v2\/posts"}],"about":[{"href":"https:\/\/www.sincomam.org.br\/index.php\/wp-json\/wp\/v2\/types\/post"}],"author":[{"embeddable":true,"href":"https:\/\/www.sincomam.org.br\/index.php\/wp-json\/wp\/v2\/users\/1182"}],"replies":[{"embeddable":true,"href":"https:\/\/www.sincomam.org.br\/index.php\/wp-json\/wp\/v2\/comments?post=17604"}],"version-history":[{"count":1,"href":"https:\/\/www.sincomam.org.br\/index.php\/wp-json\/wp\/v2\/posts\/17604\/revisions"}],"predecessor-version":[{"id":17605,"href":"https:\/\/www.sincomam.org.br\/index.php\/wp-json\/wp\/v2\/posts\/17604\/revisions\/17605"}],"wp:featuredmedia":[{"embeddable":true,"href":"https:\/\/www.sincomam.org.br\/index.php\/wp-json\/wp\/v2\/media\/6734"}],"wp:attachment":[{"href":"https:\/\/www.sincomam.org.br\/index.php\/wp-json\/wp\/v2\/media?parent=17604"}],"wp:term":[{"taxonomy":"category","embeddable":true,"href":"https:\/\/www.sincomam.org.br\/index.php\/wp-json\/wp\/v2\/categories?post=17604"},{"taxonomy":"post_tag","embeddable":true,"href":"https:\/\/www.sincomam.org.br\/index.php\/wp-json\/wp\/v2\/tags?post=17604"}],"curies":[{"name":"wp","href":"https:\/\/api.w.org\/{rel}","templated":true}]}}