{"id":17577,"date":"2015-12-22T08:00:18","date_gmt":"2015-12-22T10:00:18","guid":{"rendered":"http:\/\/www.sincomam.org.br\/?p=17577"},"modified":"2015-12-21T09:43:12","modified_gmt":"2015-12-21T11:43:12","slug":"companhia-siderurgica-do-pecem-investira-r-20-mi-em-acoes-sociais","status":"publish","type":"post","link":"https:\/\/www.sincomam.org.br\/index.php\/companhia-siderurgica-do-pecem-investira-r-20-mi-em-acoes-sociais\/","title":{"rendered":"Companhia Sider\u00fargica do Pec\u00e9m investir\u00e1 R$ 20 mi em a\u00e7\u00f5es sociais"},"content":{"rendered":"<p>A Companhia Sider\u00fargica do Pec\u00e9m est\u00e1 sendo erguida no Complexo Industrial e Portu\u00e1rio do Pec\u00e9m (Cipp). At\u00e9 o pr\u00f3ximo ano, a Companhia Sider\u00fargica do Pec\u00e9m (CSP) investir\u00e1 um total de R$ 20 milh\u00f5es em a\u00e7\u00f5es de responsabilidade social. Entre as iniciativas desenvolvidas pelo empreendimento que est\u00e1 sendo erguido no Cear\u00e1, est\u00e1 o Programa Ideia da Gente, lan\u00e7ado em 2013 e com foco nos munic\u00edpios de Caucaia e S\u00e3o Gon\u00e7alo do Amarante. A iniciativa apoia projetos sociais pensados e realizados pela comunidade e estimulam a inclus\u00e3o social de grupos que se encontram em situa\u00e7\u00e3o de vulnerabilidade social.<\/p>\n<p>De acordo com a CSP, em seus dois primeiros anos, o Programa Ideia da Gente beneficiou diretamente mais de mil pessoas, por meio de 17 projetos financiados e executados com as comunidades locais. Agora, uma nova turma est\u00e1 sendo formada. As inscri\u00e7\u00f5es para a 3\u00aa Edi\u00e7\u00e3o do Programa Ideia da Gente j\u00e1 est\u00e3o abertas e ir\u00e3o at\u00e9 30 de janeiro.<\/p>\n<p>Al\u00e9m do Ideia da Gente, a CSP vem investindo em diversas frentes, com programas que j\u00e1 atingiram resultados importantes, como a capacita\u00e7\u00e3o de 66 associa\u00e7\u00f5es em desenvolvimento regional e participa\u00e7\u00e3o cidad\u00e3. At\u00e9 hoje, j\u00e1 foram 30.272 intera\u00e7\u00f5es com as comunidades; 357 pessoas capacitadas em Educa\u00e7\u00e3o Financeira; e 102 jovens em Empreendedorismo e Neg\u00f3cios Rurais, dentre outros resultados.<\/p>\n<p>Fonte: Di\u00e1rio do Nordeste (CE)<\/p>\n","protected":false},"excerpt":{"rendered":"<p>A Companhia Sider\u00fargica do Pec\u00e9m est\u00e1 sendo erguida no Complexo Industrial e Portu\u00e1rio do Pec\u00e9m (Cipp). At\u00e9 o pr\u00f3ximo ano, a Companhia Sider\u00fargica do Pec\u00e9m&#8230;<\/p>\n","protected":false},"author":1182,"featured_media":10090,"comment_status":"closed","ping_status":"closed","sticky":false,"template":"","format":"standard","meta":{"footnotes":""},"categories":[6],"tags":[],"class_list":["post-17577","post","type-post","status-publish","format-standard","has-post-thumbnail","hentry","category-noticias"],"_links":{"self":[{"href":"https:\/\/www.sincomam.org.br\/index.php\/wp-json\/wp\/v2\/posts\/17577","targetHints":{"allow":["GET"]}}],"collection":[{"href":"https:\/\/www.sincomam.org.br\/index.php\/wp-json\/wp\/v2\/posts"}],"about":[{"href":"https:\/\/www.sincomam.org.br\/index.php\/wp-json\/wp\/v2\/types\/post"}],"author":[{"embeddable":true,"href":"https:\/\/www.sincomam.org.br\/index.php\/wp-json\/wp\/v2\/users\/1182"}],"replies":[{"embeddable":true,"href":"https:\/\/www.sincomam.org.br\/index.php\/wp-json\/wp\/v2\/comments?post=17577"}],"version-history":[{"count":1,"href":"https:\/\/www.sincomam.org.br\/index.php\/wp-json\/wp\/v2\/posts\/17577\/revisions"}],"predecessor-version":[{"id":17578,"href":"https:\/\/www.sincomam.org.br\/index.php\/wp-json\/wp\/v2\/posts\/17577\/revisions\/17578"}],"wp:featuredmedia":[{"embeddable":true,"href":"https:\/\/www.sincomam.org.br\/index.php\/wp-json\/wp\/v2\/media\/10090"}],"wp:attachment":[{"href":"https:\/\/www.sincomam.org.br\/index.php\/wp-json\/wp\/v2\/media?parent=17577"}],"wp:term":[{"taxonomy":"category","embeddable":true,"href":"https:\/\/www.sincomam.org.br\/index.php\/wp-json\/wp\/v2\/categories?post=17577"},{"taxonomy":"post_tag","embeddable":true,"href":"https:\/\/www.sincomam.org.br\/index.php\/wp-json\/wp\/v2\/tags?post=17577"}],"curies":[{"name":"wp","href":"https:\/\/api.w.org\/{rel}","templated":true}]}}