{"id":17562,"date":"2015-12-21T08:07:47","date_gmt":"2015-12-21T10:07:47","guid":{"rendered":"http:\/\/www.sincomam.org.br\/?p=17562"},"modified":"2015-12-18T11:14:32","modified_gmt":"2015-12-18T13:14:32","slug":"comissao-prorroga-por-cinco-anos-isencao-de-frete-no-nordeste-e-na-amazonia","status":"publish","type":"post","link":"https:\/\/www.sincomam.org.br\/index.php\/comissao-prorroga-por-cinco-anos-isencao-de-frete-no-nordeste-e-na-amazonia\/","title":{"rendered":"Comiss\u00e3o prorroga por cinco anos isen\u00e7\u00e3o de frete no Nordeste e na Amaz\u00f4nia"},"content":{"rendered":"<p>A Comiss\u00e3o de Integra\u00e7\u00e3o Nacional, Desenvolvimento Regional e da Amaz\u00f4nia aprovou o Projeto de Lei 1241\/15, do deputado Jorge C\u00f4rte Real (PTB-PE), que prorroga at\u00e9 2020 a isen\u00e7\u00e3o do Adicional ao Frete para a Renova\u00e7\u00e3o da Marinha Mercante (AFRMM) concedido aos empreendimentos instalados no Nordeste e na Amaz\u00f4nia considerados de interesse para o desenvolvimento regional. Se n\u00e3o houver a prorroga\u00e7\u00e3o, a isen\u00e7\u00e3o atual, prevista na Lei 9.808\/99, acaba no final deste ano.<\/p>\n<p>Antonio Augusto\/C\u00e2mara dos Deputados Nilson Leit\u00e3o Nilson Leit\u00e3o: fim do benef\u00edcio fiscal elevar\u00e1 em 25% o valor do frete das mercadorias importadas via transporte mar\u00edtimo<\/p>\n<p>A proposta recebeu, na comiss\u00e3o, parecer favor\u00e1vel do deputado Nilson Leit\u00e3o (PSDB-MT). Ele afirmou que a manuten\u00e7\u00e3o do benef\u00edcio n\u00e3o afetar\u00e1 a arrecada\u00e7\u00e3o com o AFRMM, pois o Fundo da Marinha Mercante (FMM), que gerencia a contribui\u00e7\u00e3o, possui outras fontes de receita.<\/p>\n<p>\u201cSe, por um lado, as isen\u00e7\u00f5es do AFRMM n\u00e3o t\u00eam impacto significativo nas contas p\u00fablicas, por outro, elas representam a sobreviv\u00eancia ou n\u00e3o de ind\u00fastrias dependentes de insumos importados de baixo valor agregado\u201d, disse Leit\u00e3o.<\/p>\n<p><strong>Incid\u00eancia<\/strong><\/p>\n<p>O adicional \u00e9 uma contribui\u00e7\u00e3o de interven\u00e7\u00e3o no dom\u00ednio econ\u00f4mico que incide sobre o valor do frete cobrado pelas empresas de navega\u00e7\u00e3o que operam em portos brasileiros. A al\u00edquota varia entre 10% (navega\u00e7\u00e3o de cabotagem), 25% (navega\u00e7\u00e3o de longo curso) e 40% (fluvial e lacustre).<\/p>\n<p>Segundo Leit\u00e3o, o fim do benef\u00edcio fiscal elevar\u00e1, de imediato, em 25%, o valor do frete das mercadorias importadas pelo modal mar\u00edtimo. \u201cEspecialmente para os insumos e mercadorias de baixo valor agregado, o impacto representado pelo benef\u00edcio n\u00e3o \u00e9 nada desprez\u00edvel\u201d, afirmou o relator.<\/p>\n<p><strong>Tramita\u00e7\u00e3o<\/strong><\/p>\n<p>O projeto, que tramita em car\u00e1ter conclusivo, ser\u00e1 analisado ainda pela pelas comiss\u00f5es de Finan\u00e7as e Tributa\u00e7\u00e3o; e de Constitui\u00e7\u00e3o e Justi\u00e7a e de Cidadania. O texto j\u00e1 foi aprovado pela Comiss\u00e3o de Via\u00e7\u00e3o e Transportes.<\/p>\n<p>Fonte: Cen\u00e1rioMT com C\u00e2mara dos Deputados<\/p>\n","protected":false},"excerpt":{"rendered":"<p>A Comiss\u00e3o de Integra\u00e7\u00e3o Nacional, Desenvolvimento Regional e da Amaz\u00f4nia aprovou o Projeto de Lei 1241\/15, do deputado Jorge C\u00f4rte Real (PTB-PE), que prorroga at\u00e9&#8230;<\/p>\n","protected":false},"author":1182,"featured_media":13047,"comment_status":"closed","ping_status":"closed","sticky":false,"template":"","format":"standard","meta":{"footnotes":""},"categories":[6],"tags":[],"class_list":["post-17562","post","type-post","status-publish","format-standard","has-post-thumbnail","hentry","category-noticias"],"_links":{"self":[{"href":"https:\/\/www.sincomam.org.br\/index.php\/wp-json\/wp\/v2\/posts\/17562","targetHints":{"allow":["GET"]}}],"collection":[{"href":"https:\/\/www.sincomam.org.br\/index.php\/wp-json\/wp\/v2\/posts"}],"about":[{"href":"https:\/\/www.sincomam.org.br\/index.php\/wp-json\/wp\/v2\/types\/post"}],"author":[{"embeddable":true,"href":"https:\/\/www.sincomam.org.br\/index.php\/wp-json\/wp\/v2\/users\/1182"}],"replies":[{"embeddable":true,"href":"https:\/\/www.sincomam.org.br\/index.php\/wp-json\/wp\/v2\/comments?post=17562"}],"version-history":[{"count":1,"href":"https:\/\/www.sincomam.org.br\/index.php\/wp-json\/wp\/v2\/posts\/17562\/revisions"}],"predecessor-version":[{"id":17563,"href":"https:\/\/www.sincomam.org.br\/index.php\/wp-json\/wp\/v2\/posts\/17562\/revisions\/17563"}],"wp:featuredmedia":[{"embeddable":true,"href":"https:\/\/www.sincomam.org.br\/index.php\/wp-json\/wp\/v2\/media\/13047"}],"wp:attachment":[{"href":"https:\/\/www.sincomam.org.br\/index.php\/wp-json\/wp\/v2\/media?parent=17562"}],"wp:term":[{"taxonomy":"category","embeddable":true,"href":"https:\/\/www.sincomam.org.br\/index.php\/wp-json\/wp\/v2\/categories?post=17562"},{"taxonomy":"post_tag","embeddable":true,"href":"https:\/\/www.sincomam.org.br\/index.php\/wp-json\/wp\/v2\/tags?post=17562"}],"curies":[{"name":"wp","href":"https:\/\/api.w.org\/{rel}","templated":true}]}}