{"id":17558,"date":"2015-12-18T10:23:17","date_gmt":"2015-12-18T12:23:17","guid":{"rendered":"http:\/\/www.sincomam.org.br\/?p=17558"},"modified":"2015-12-18T10:23:17","modified_gmt":"2015-12-18T12:23:17","slug":"exercito-marinha-e-defesa-civil-passam-por-treinamento-para-combate-ao-aedes-aegypti","status":"publish","type":"post","link":"https:\/\/www.sincomam.org.br\/index.php\/exercito-marinha-e-defesa-civil-passam-por-treinamento-para-combate-ao-aedes-aegypti\/","title":{"rendered":"Ex\u00e9rcito, Marinha e Defesa Civil passam por treinamento para combate ao Aedes aegypti"},"content":{"rendered":"<p><strong><em>A capacita\u00e7\u00e3o, realizada pela Vigil\u00e2ncia Ambiental da Secretaria de Sa\u00fade, ser\u00e1 dividida entre teoria e pr\u00e1tica<\/em><\/strong><\/p>\n<p>Acontece at\u00e9 esta sexta (18) o treinamento de 100 militares do Ex\u00e9rcito, 50 da Marinha e 15 servidores da Defesa Civil para refor\u00e7ar a equipe de combate ao mosquito Aedes aegypti no DF. A capacita\u00e7\u00e3o, realizada pela Vigil\u00e2ncia Ambiental da Secretaria de Sa\u00fade, ser\u00e1 dividida entre teoria e pr\u00e1tica.<\/p>\n<p>Os militares do Ex\u00e9rcito receberam, durante esta manh\u00e3, o treinamento te\u00f3rico no Batalh\u00e3o da Guarda Presidencial e no 11\u00ba Grupamento de Artilharia Antia\u00e9rea. A parte pr\u00e1tica acontecer\u00e1 na tarde de hoje no Setor Militar Urbano e na manh\u00e3 de sexta-feira na Estrutural.<\/p>\n<p>Marinha e Defesa Civil foram treinados pela manh\u00e3 no Clube da \u00c1rea Alfa-Marinha. Durante a tarde ser\u00e1 realizada a parte pr\u00e1tica no mesmo local. J\u00e1 na sexta-feira, o grupo far\u00e1 a atividade de campo em Santa Maria.<\/p>\n<p>Para o chefe da Assessoria de Mobiliza\u00e7\u00e3o Institucional e Social para Preven\u00e7\u00e3o de Endemias, Ailton Dom\u00edcio, a contribui\u00e7\u00e3o desses profissionais \u00e9 de extrema import\u00e2ncia ao DF nesta luta contra o Aedes, mosquito que transmite a Dengue, Febre Chikungunya e Zika v\u00edrus. &#8220;\u00c9 muito bom poder contar com este apoio em nossas a\u00e7\u00f5es. Junto com os nossos vigilantes ambientais e com outros \u00f3rg\u00e3os do governo, estamos conseguindo atuar de forma direta na preven\u00e7\u00e3o e elimina\u00e7\u00e3o dos focos do mosquito.&#8221;<\/p>\n<p>Dom\u00edcio ressaltou ainda a import\u00e2ncia da colabora\u00e7\u00e3o da comunidade. &#8220;\u00c9 necess\u00e1rio que os moradores recebam as equipes, abram os port\u00f5es e sigam todas as orienta\u00e7\u00f5es. S\u00f3 com a ajuda da comunidade \u00e9 poss\u00edvel eliminar este mosquito&#8221;, alertou.<\/p>\n<p><strong>Plano de Combate<\/strong><\/p>\n<p>Esta semana, o governo de Bras\u00edlia iniciou o Plano de A\u00e7\u00e3o para o Enfrentamento \u00e0s Doen\u00e7as Transmitidas pelo Aedes aegypti, que contar\u00e1 com o apoio nas inspe\u00e7\u00f5es aos im\u00f3veis dos militares do Ex\u00e9rcito, da Marinha e do Corpo de Bombeiros, que j\u00e1 v\u00eam atuando junto \u00e0 Secretaria de Sa\u00fade desde o inicio do ano; da Agefis, que far\u00e1 o trabalho de fiscaliza\u00e7\u00e3o em setores de servi\u00e7o e ind\u00fastrias; al\u00e9m da Novacap e SLU, que far\u00e3o o recolhimento de lixo e entulho nas ruas e resid\u00eancias. Sobradinho II \u00e9 a primeira regi\u00e3o a receber a a\u00e7\u00e3o.<\/p>\n<p><strong>Dados <\/strong><\/p>\n<p>At\u00e9 a \u00faltima segunda-feira (14) o DF registrou 9.446 casos de dengue; 15 casos de Febre Chikungunya, sendo apenas dois casos em que o v\u00edrus foi contra\u00eddo dentro do DF; e dois casos importados de Zika v\u00edrus, nos quais os moradores foram diagnosticados em Bras\u00edlia, mas contra\u00edram a doen\u00e7a em estados do Nordeste.<\/p>\n<p>Fonte: Jornal de Bras\u00edlia, com Ag\u00eancias<\/p>\n","protected":false},"excerpt":{"rendered":"<p>A capacita\u00e7\u00e3o, realizada pela Vigil\u00e2ncia Ambiental da Secretaria de Sa\u00fade, ser\u00e1 dividida entre teoria e pr\u00e1tica Acontece at\u00e9 esta sexta (18) o treinamento de 100&#8230;<\/p>\n","protected":false},"author":1182,"featured_media":11626,"comment_status":"closed","ping_status":"closed","sticky":false,"template":"","format":"standard","meta":{"footnotes":""},"categories":[6],"tags":[],"class_list":["post-17558","post","type-post","status-publish","format-standard","has-post-thumbnail","hentry","category-noticias"],"_links":{"self":[{"href":"https:\/\/www.sincomam.org.br\/index.php\/wp-json\/wp\/v2\/posts\/17558","targetHints":{"allow":["GET"]}}],"collection":[{"href":"https:\/\/www.sincomam.org.br\/index.php\/wp-json\/wp\/v2\/posts"}],"about":[{"href":"https:\/\/www.sincomam.org.br\/index.php\/wp-json\/wp\/v2\/types\/post"}],"author":[{"embeddable":true,"href":"https:\/\/www.sincomam.org.br\/index.php\/wp-json\/wp\/v2\/users\/1182"}],"replies":[{"embeddable":true,"href":"https:\/\/www.sincomam.org.br\/index.php\/wp-json\/wp\/v2\/comments?post=17558"}],"version-history":[{"count":1,"href":"https:\/\/www.sincomam.org.br\/index.php\/wp-json\/wp\/v2\/posts\/17558\/revisions"}],"predecessor-version":[{"id":17559,"href":"https:\/\/www.sincomam.org.br\/index.php\/wp-json\/wp\/v2\/posts\/17558\/revisions\/17559"}],"wp:featuredmedia":[{"embeddable":true,"href":"https:\/\/www.sincomam.org.br\/index.php\/wp-json\/wp\/v2\/media\/11626"}],"wp:attachment":[{"href":"https:\/\/www.sincomam.org.br\/index.php\/wp-json\/wp\/v2\/media?parent=17558"}],"wp:term":[{"taxonomy":"category","embeddable":true,"href":"https:\/\/www.sincomam.org.br\/index.php\/wp-json\/wp\/v2\/categories?post=17558"},{"taxonomy":"post_tag","embeddable":true,"href":"https:\/\/www.sincomam.org.br\/index.php\/wp-json\/wp\/v2\/tags?post=17558"}],"curies":[{"name":"wp","href":"https:\/\/api.w.org\/{rel}","templated":true}]}}