{"id":17531,"date":"2015-12-18T08:12:26","date_gmt":"2015-12-18T10:12:26","guid":{"rendered":"http:\/\/www.sincomam.org.br\/?p=17531"},"modified":"2015-12-17T13:06:59","modified_gmt":"2015-12-17T15:06:59","slug":"companhia-docas-avalia-contratacao-de-estudos-de-dragagem","status":"publish","type":"post","link":"https:\/\/www.sincomam.org.br\/index.php\/companhia-docas-avalia-contratacao-de-estudos-de-dragagem\/","title":{"rendered":"Companhia Docas avalia contrata\u00e7\u00e3o de estudos de dragagem"},"content":{"rendered":"<p>A proposta de trabalho dos estudos sobre os impactos ambientais da dragagem do Porto de Santos foi avaliada nesta quarta-feira (16), pela diretoria-executiva da Companhia Docas do Estado de S\u00e3o Paulo (Codesp). O t\u00f3pico ainda ter\u00e1 de ser apreciado pelo Conselho de Administra\u00e7\u00e3o (Consad) da estatal. A expectativa \u00e9 de que o contrato para o in\u00edcio das pesquisas seja assinado ainda neste m\u00eas.<\/p>\n<p>A defini\u00e7\u00e3o da data para essa contrata\u00e7\u00e3o depende apenas dessas an\u00e1lises e da agenda do ministro dos Portos, Helder Barbalho, que assinar\u00e1 o acordo. A informa\u00e7\u00e3o \u00e9 do diretor-presidente da Docas, Jos\u00e9 Alex Oliva, que participou, ontem, da reuni\u00e3o do Conselho de Autoridade Portu\u00e1ria (CAP) de Santos.<\/p>\n<p>Segundo o executivo, os primeiros resultados do estudo ser\u00e3o conhecidos 45 dias ap\u00f3s a assinatura do contrato. A ideia \u00e9 que o material responda aos questionamentos apresentados pelo Minist\u00e9rio P\u00fablico Federal.<\/p>\n<p>O \u00f3rg\u00e3o aponta a dragagem do Porto como a principal causa da eros\u00e3o na Ponta da Praia.<\/p>\n<p>\u201cEsse estudo vai pegar dados que n\u00e3o s\u00e3o de hoje. De 1925, 1939, 1945, a eleva\u00e7\u00e3o do n\u00edvel do mar, o El Ni\u00f1o, as duas grandes ressacas que arrasaram a praia, a ocupa\u00e7\u00e3o urbana da Ponta da Praia, porque aquilo tudo era \u00e1rea de ch\u00e1cara, todos os fatores que contribuem para o cen\u00e1rio que est\u00e1 a\u00ed\u201d, destacou Oliva.<\/p>\n<p>Os estudos ser\u00e3o elaborados pela Escola Polit\u00e9cnica da Universidade de S\u00e3o Paulo (USP), em parceria com o Instituto Nacional de Pesquisas Hidrovi\u00e1rias e o professor Gilberto Fialho, da Universidade Federal do Rio de Janeiro.<\/p>\n<p>Fonte: A Tribuna<\/p>\n","protected":false},"excerpt":{"rendered":"<p>A proposta de trabalho dos estudos sobre os impactos ambientais da dragagem do Porto de Santos foi avaliada nesta quarta-feira (16), pela diretoria-executiva da Companhia&#8230;<\/p>\n","protected":false},"author":1182,"featured_media":4044,"comment_status":"closed","ping_status":"closed","sticky":false,"template":"","format":"standard","meta":{"footnotes":""},"categories":[6],"tags":[],"class_list":["post-17531","post","type-post","status-publish","format-standard","has-post-thumbnail","hentry","category-noticias"],"_links":{"self":[{"href":"https:\/\/www.sincomam.org.br\/index.php\/wp-json\/wp\/v2\/posts\/17531","targetHints":{"allow":["GET"]}}],"collection":[{"href":"https:\/\/www.sincomam.org.br\/index.php\/wp-json\/wp\/v2\/posts"}],"about":[{"href":"https:\/\/www.sincomam.org.br\/index.php\/wp-json\/wp\/v2\/types\/post"}],"author":[{"embeddable":true,"href":"https:\/\/www.sincomam.org.br\/index.php\/wp-json\/wp\/v2\/users\/1182"}],"replies":[{"embeddable":true,"href":"https:\/\/www.sincomam.org.br\/index.php\/wp-json\/wp\/v2\/comments?post=17531"}],"version-history":[{"count":1,"href":"https:\/\/www.sincomam.org.br\/index.php\/wp-json\/wp\/v2\/posts\/17531\/revisions"}],"predecessor-version":[{"id":17532,"href":"https:\/\/www.sincomam.org.br\/index.php\/wp-json\/wp\/v2\/posts\/17531\/revisions\/17532"}],"wp:featuredmedia":[{"embeddable":true,"href":"https:\/\/www.sincomam.org.br\/index.php\/wp-json\/wp\/v2\/media\/4044"}],"wp:attachment":[{"href":"https:\/\/www.sincomam.org.br\/index.php\/wp-json\/wp\/v2\/media?parent=17531"}],"wp:term":[{"taxonomy":"category","embeddable":true,"href":"https:\/\/www.sincomam.org.br\/index.php\/wp-json\/wp\/v2\/categories?post=17531"},{"taxonomy":"post_tag","embeddable":true,"href":"https:\/\/www.sincomam.org.br\/index.php\/wp-json\/wp\/v2\/tags?post=17531"}],"curies":[{"name":"wp","href":"https:\/\/api.w.org\/{rel}","templated":true}]}}