{"id":17529,"date":"2015-12-18T08:17:46","date_gmt":"2015-12-18T10:17:46","guid":{"rendered":"http:\/\/www.sincomam.org.br\/?p=17529"},"modified":"2015-12-18T10:21:43","modified_gmt":"2015-12-18T12:21:43","slug":"secretaria-de-portos-recebe-sugestoes-para-proximos-editais","status":"publish","type":"post","link":"https:\/\/www.sincomam.org.br\/index.php\/secretaria-de-portos-recebe-sugestoes-para-proximos-editais\/","title":{"rendered":"Secretaria de portos recebe sugest\u00f5es para pr\u00f3ximos editais"},"content":{"rendered":"<p>O ministro Helder Barbalho, da Secretaria de Portos da Presid\u00eancia (SEP), fez nesta ter\u00e7a-feira (15\/12) a primeira reuni\u00e3o com representantes do setor para recolher sugest\u00f5es que poder\u00e3o ser utilizadas para aprimorar o processo de licita\u00e7\u00e3o de arrendamento de terminais portu\u00e1rios. O encontro foi realizado na sede da SEP, em Bras\u00edlia.<\/p>\n<p>Estiveram presentes, al\u00e9m do ministro, M\u00e1rio Povia, diretor-geral da Ag\u00eancia Nacional de Transportes Aquavi\u00e1rios (Antaq), Edeon Vaz Ferreira, da Associa\u00e7\u00e3o dos Produtores de Soja e Milho do Estado de Mato Grosso (APROSOJA) e presidente da C\u00e2mara Tem\u00e1tica de Infraestrutura e Log\u00edstica (CTLOG); Wilen Manteli, diretor-presidente da Associa\u00e7\u00e3o Brasileira de Terminais Portu\u00e1rios (ABTP); Nelson Mozart, da Bunge Brasil; Clythio Buggenhout, da Cargill; al\u00e9m de representantes dos Minist\u00e9rios da Agricultura e do Planejamento.<\/p>\n<p>Na reuni\u00e3o os executivos disseram que \u00e9 preciso mais tempo para a avalia\u00e7\u00e3o dos futuros editais de licita\u00e7\u00e3o e que o cronograma de oferta das \u00e1reas leve em considera\u00e7\u00e3o a possibilidade de uma mesma empresa poder entrar na competi\u00e7\u00e3o de mais de uma \u00e1rea.<\/p>\n<p>O ministro Helder Barbalho ressaltou a import\u00e2ncia das contribui\u00e7\u00f5es de todos. Ele voltou a dizer que a meta \u00e9 lan\u00e7ar os editais em janeiro e realizar o leil\u00e3o em mar\u00e7o de 2016.<\/p>\n<p>Fonte: Ascom\/Secretaria de Portos &#8211; SEP\/PR<\/p>\n","protected":false},"excerpt":{"rendered":"<p>O ministro Helder Barbalho, da Secretaria de Portos da Presid\u00eancia (SEP), fez nesta ter\u00e7a-feira (15\/12) a primeira reuni\u00e3o com representantes do setor para recolher sugest\u00f5es&#8230;<\/p>\n","protected":false},"author":1182,"featured_media":286,"comment_status":"closed","ping_status":"closed","sticky":false,"template":"","format":"standard","meta":{"footnotes":""},"categories":[6],"tags":[],"class_list":["post-17529","post","type-post","status-publish","format-standard","has-post-thumbnail","hentry","category-noticias"],"_links":{"self":[{"href":"https:\/\/www.sincomam.org.br\/index.php\/wp-json\/wp\/v2\/posts\/17529","targetHints":{"allow":["GET"]}}],"collection":[{"href":"https:\/\/www.sincomam.org.br\/index.php\/wp-json\/wp\/v2\/posts"}],"about":[{"href":"https:\/\/www.sincomam.org.br\/index.php\/wp-json\/wp\/v2\/types\/post"}],"author":[{"embeddable":true,"href":"https:\/\/www.sincomam.org.br\/index.php\/wp-json\/wp\/v2\/users\/1182"}],"replies":[{"embeddable":true,"href":"https:\/\/www.sincomam.org.br\/index.php\/wp-json\/wp\/v2\/comments?post=17529"}],"version-history":[{"count":1,"href":"https:\/\/www.sincomam.org.br\/index.php\/wp-json\/wp\/v2\/posts\/17529\/revisions"}],"predecessor-version":[{"id":17530,"href":"https:\/\/www.sincomam.org.br\/index.php\/wp-json\/wp\/v2\/posts\/17529\/revisions\/17530"}],"wp:featuredmedia":[{"embeddable":true,"href":"https:\/\/www.sincomam.org.br\/index.php\/wp-json\/wp\/v2\/media\/286"}],"wp:attachment":[{"href":"https:\/\/www.sincomam.org.br\/index.php\/wp-json\/wp\/v2\/media?parent=17529"}],"wp:term":[{"taxonomy":"category","embeddable":true,"href":"https:\/\/www.sincomam.org.br\/index.php\/wp-json\/wp\/v2\/categories?post=17529"},{"taxonomy":"post_tag","embeddable":true,"href":"https:\/\/www.sincomam.org.br\/index.php\/wp-json\/wp\/v2\/tags?post=17529"}],"curies":[{"name":"wp","href":"https:\/\/api.w.org\/{rel}","templated":true}]}}