{"id":17527,"date":"2015-12-18T08:29:15","date_gmt":"2015-12-18T10:29:15","guid":{"rendered":"http:\/\/www.sincomam.org.br\/?p=17527"},"modified":"2015-12-17T12:30:17","modified_gmt":"2015-12-17T14:30:17","slug":"empresarios-noruegueses-visitam-o-porto-de-imbituba","status":"publish","type":"post","link":"https:\/\/www.sincomam.org.br\/index.php\/empresarios-noruegueses-visitam-o-porto-de-imbituba\/","title":{"rendered":"Empres\u00e1rios noruegueses visitam o porto de Imbituba"},"content":{"rendered":"<p>Empres\u00e1rios noruegueses visitaram o porto de Imbituba no \u00faltima ter\u00e7a-feira (15). A empresa, que fabrica cont\u00eaineres para g\u00e1s, demonstrou interesse em se instalar na cidade, especialmente na Zona de Processamento de Exporta\u00e7\u00e3o (ZPE). Desde o m\u00eas de setembro \u00e9 avaliada a vinda da multinacional para regi\u00e3o.<\/p>\n<p>A empresa tem interesse em 19 hectares da ZPE. Com isso o investimento pode chegar a mais de R$ 3 bilh\u00f5es ao longo dos anos, que ajudaria a movimentar uma \u00e1rea que hoje \u00e9 improdutiva.<\/p>\n<p>Para o presidente do porto, Luis Rog\u00e9rio Pupo Gon\u00e7alves, a vinda \u00e9 uma movimenta\u00e7\u00e3o que eles pretendem que seja efetiva. \u201cGostariam de ter praticamente um ber\u00e7o especifico para eles, ent\u00e3o envolve um processo de constru\u00e7\u00e3o e de obra. Ent\u00e3o tudo agora depende efetivamente deles apresentarem projeto, n\u00f3s detalharmos essas vari\u00e1veis todas e entendermos melhor como isso pode ser adequado a nossa realidade\u201d, relata Luis.<\/p>\n<p>Por meio da Unisul de Tubar\u00e3o foram realizados diversos estudos de zoneamento do porto para facilitar a instala\u00e7\u00e3o de empresas, como essa, no local. Segundo o pr\u00f3-reitor de opera\u00e7\u00f5es e servi\u00e7os acad\u00eamicos, Valter Alves Schmitz Neto, o processo faz parte das estrat\u00e9gias de a\u00e7\u00e3o da universidade, em especial do mapa estrat\u00e9gico que a reitoria definiu como meta de trabalho dos pr\u00f3ximos cinco anos. \u201cEstamos aqui cumprindo a miss\u00e3o institucional e em especial dando a nossa contribui\u00e7\u00e3o para ajudar na propor\u00e7\u00e3o do desenvolvimento regional\u201d, conta.<\/p>\n<p>Fonte: Notisul \/ Foto: ilustrativa<\/p>\n","protected":false},"excerpt":{"rendered":"<p>Empres\u00e1rios noruegueses visitaram o porto de Imbituba no \u00faltima ter\u00e7a-feira (15). A empresa, que fabrica cont\u00eaineres para g\u00e1s, demonstrou interesse em se instalar na cidade,&#8230;<\/p>\n","protected":false},"author":1182,"featured_media":8125,"comment_status":"closed","ping_status":"closed","sticky":false,"template":"","format":"standard","meta":{"footnotes":""},"categories":[6],"tags":[],"class_list":["post-17527","post","type-post","status-publish","format-standard","has-post-thumbnail","hentry","category-noticias"],"_links":{"self":[{"href":"https:\/\/www.sincomam.org.br\/index.php\/wp-json\/wp\/v2\/posts\/17527","targetHints":{"allow":["GET"]}}],"collection":[{"href":"https:\/\/www.sincomam.org.br\/index.php\/wp-json\/wp\/v2\/posts"}],"about":[{"href":"https:\/\/www.sincomam.org.br\/index.php\/wp-json\/wp\/v2\/types\/post"}],"author":[{"embeddable":true,"href":"https:\/\/www.sincomam.org.br\/index.php\/wp-json\/wp\/v2\/users\/1182"}],"replies":[{"embeddable":true,"href":"https:\/\/www.sincomam.org.br\/index.php\/wp-json\/wp\/v2\/comments?post=17527"}],"version-history":[{"count":1,"href":"https:\/\/www.sincomam.org.br\/index.php\/wp-json\/wp\/v2\/posts\/17527\/revisions"}],"predecessor-version":[{"id":17528,"href":"https:\/\/www.sincomam.org.br\/index.php\/wp-json\/wp\/v2\/posts\/17527\/revisions\/17528"}],"wp:featuredmedia":[{"embeddable":true,"href":"https:\/\/www.sincomam.org.br\/index.php\/wp-json\/wp\/v2\/media\/8125"}],"wp:attachment":[{"href":"https:\/\/www.sincomam.org.br\/index.php\/wp-json\/wp\/v2\/media?parent=17527"}],"wp:term":[{"taxonomy":"category","embeddable":true,"href":"https:\/\/www.sincomam.org.br\/index.php\/wp-json\/wp\/v2\/categories?post=17527"},{"taxonomy":"post_tag","embeddable":true,"href":"https:\/\/www.sincomam.org.br\/index.php\/wp-json\/wp\/v2\/tags?post=17527"}],"curies":[{"name":"wp","href":"https:\/\/api.w.org\/{rel}","templated":true}]}}