{"id":17485,"date":"2015-12-16T12:12:53","date_gmt":"2015-12-16T14:12:53","guid":{"rendered":"http:\/\/www.sincomam.org.br\/?p=17485"},"modified":"2015-12-16T12:12:53","modified_gmt":"2015-12-16T14:12:53","slug":"adalberto-tokarski-palestra-sobre-cabotagem-na-camara-dos-deputados","status":"publish","type":"post","link":"https:\/\/www.sincomam.org.br\/index.php\/adalberto-tokarski-palestra-sobre-cabotagem-na-camara-dos-deputados\/","title":{"rendered":"Adalberto Tokarski palestra sobre cabotagem na C\u00e2mara dos Deputados"},"content":{"rendered":"<p>O diretor da ANTAQ, Adalberto Tokarski, palestrou, ontem, ter\u00e7a-feira (15), durante o III Semin\u00e1rio de Portos e Vias Naveg\u00e1veis, realizado na C\u00e2mara dos Deputados. O tema de sua exposi\u00e7\u00e3o foi Cabotagem no Brasil \u2013 Desafios e Perspectivas. Tokarski destacou as a\u00e7\u00f5es da ANTAQ em benef\u00edcio da cabotagem.<\/p>\n<p>Uma delas, segundo o diretor, foi a implanta\u00e7\u00e3o do Sistema de Afretamento da Navega\u00e7\u00e3o Mar\u00edtima e de Apoio (SAMA). A outra foi a entrada em vigor da Resolu\u00e7\u00e3o Normativa n\u00ba 1\/2015, que estabelece procedimentos e crit\u00e9rios para o afretamento de embarca\u00e7\u00e3o por Empresa Brasileira de Navega\u00e7\u00e3o (EBN) nas navega\u00e7\u00f5es de apoio portu\u00e1rio, apoio mar\u00edtimo, cabotagem e longo curso. \u201cEssa resolu\u00e7\u00e3o incentiva o afretamento de embarca\u00e7\u00f5es de bandeira brasileira, fortalece a ind\u00fastria nacional e contribui para reduzir a remessa de divisas\u201d, citou.<\/p>\n<p>Tokarski tamb\u00e9m destacou a Resolu\u00e7\u00e3o n\u00ba 4.271\/2015, que aprova a proposta de norma que disp\u00f5e sobre os direitos e deveres dos usu\u00e1rios e das empresas que operam nas navega\u00e7\u00f5es de apoio mar\u00edtimo, apoio portu\u00e1rio, cabotagem e longo curso, e estabelece infra\u00e7\u00f5es administrativas.<\/p>\n<p>O diretor informou, ainda, os entraves \u00e0 cabotagem diagnosticados pela ANTAQ. Entre os entraves est\u00e3o aqueles relacionados \u00e0 renova\u00e7\u00e3o e \u00e0 amplia\u00e7\u00e3o da frota, \u00e0 burocracia e \u00e0 tripula\u00e7\u00e3o dos navios.<\/p>\n<p>Fonte: Antaq<\/p>\n","protected":false},"excerpt":{"rendered":"<p>O diretor da ANTAQ, Adalberto Tokarski, palestrou, ontem, ter\u00e7a-feira (15), durante o III Semin\u00e1rio de Portos e Vias Naveg\u00e1veis, realizado na C\u00e2mara dos Deputados. O&#8230;<\/p>\n","protected":false},"author":1182,"featured_media":6017,"comment_status":"closed","ping_status":"closed","sticky":false,"template":"","format":"standard","meta":{"footnotes":""},"categories":[6],"tags":[],"class_list":["post-17485","post","type-post","status-publish","format-standard","has-post-thumbnail","hentry","category-noticias"],"_links":{"self":[{"href":"https:\/\/www.sincomam.org.br\/index.php\/wp-json\/wp\/v2\/posts\/17485","targetHints":{"allow":["GET"]}}],"collection":[{"href":"https:\/\/www.sincomam.org.br\/index.php\/wp-json\/wp\/v2\/posts"}],"about":[{"href":"https:\/\/www.sincomam.org.br\/index.php\/wp-json\/wp\/v2\/types\/post"}],"author":[{"embeddable":true,"href":"https:\/\/www.sincomam.org.br\/index.php\/wp-json\/wp\/v2\/users\/1182"}],"replies":[{"embeddable":true,"href":"https:\/\/www.sincomam.org.br\/index.php\/wp-json\/wp\/v2\/comments?post=17485"}],"version-history":[{"count":1,"href":"https:\/\/www.sincomam.org.br\/index.php\/wp-json\/wp\/v2\/posts\/17485\/revisions"}],"predecessor-version":[{"id":17486,"href":"https:\/\/www.sincomam.org.br\/index.php\/wp-json\/wp\/v2\/posts\/17485\/revisions\/17486"}],"wp:featuredmedia":[{"embeddable":true,"href":"https:\/\/www.sincomam.org.br\/index.php\/wp-json\/wp\/v2\/media\/6017"}],"wp:attachment":[{"href":"https:\/\/www.sincomam.org.br\/index.php\/wp-json\/wp\/v2\/media?parent=17485"}],"wp:term":[{"taxonomy":"category","embeddable":true,"href":"https:\/\/www.sincomam.org.br\/index.php\/wp-json\/wp\/v2\/categories?post=17485"},{"taxonomy":"post_tag","embeddable":true,"href":"https:\/\/www.sincomam.org.br\/index.php\/wp-json\/wp\/v2\/tags?post=17485"}],"curies":[{"name":"wp","href":"https:\/\/api.w.org\/{rel}","templated":true}]}}