{"id":17472,"date":"2015-12-15T13:30:12","date_gmt":"2015-12-15T15:30:12","guid":{"rendered":"http:\/\/www.sincomam.org.br\/?p=17472"},"modified":"2015-12-15T13:30:12","modified_gmt":"2015-12-15T15:30:12","slug":"estaleiro-fecha-as-portas-e-poe-em-risco-3-000-empregos-no-rio","status":"publish","type":"post","link":"https:\/\/www.sincomam.org.br\/index.php\/estaleiro-fecha-as-portas-e-poe-em-risco-3-000-empregos-no-rio\/","title":{"rendered":"Estaleiro fecha as portas e p\u00f5e em risco 3.000 empregos no Rio"},"content":{"rendered":"<p>Os empregados do Estaleiro Ilha S.A. (Eisa), na Ilha do Governador, zona norte do Rio, encontraram as portas fechadas ao chegar ao trabalho na manh\u00e3 de ontem, segunda-feira (14). Com 3.000 empregados, a empresa chegou a enviar cartas para alguns dos trabalhadores comunicando a rescis\u00e3o dos contratos.<\/p>\n<p>&#8220;A \u00fanica alternativa hoje para manter o estaleiro funcionando \u00e9 diminuir ao m\u00e1ximo nossos custos operacionais. Com muita tristeza e dor, nos vemos na necessidade imediata de realizar cortes de pessoal&#8221;, diz a carta, assinado pela presid\u00eancia do estaleiro.<\/p>\n<p>O Eisa tem hoje contrato para a constru\u00e7\u00e3o de dois navios para a Log-In Log\u00edstica, al\u00e9m de embarca\u00e7\u00f5es da Marinha. Na semana passada, a empresa entregou um porta-cont\u00eainers da Log-In, parte de uma encomenda de sete embarca\u00e7\u00f5es, das quais cinco j\u00e1 foram entregues.<\/p>\n<p>O estaleiro \u00e9 controlado pelo empres\u00e1rio German Efromovich, que, em junho, fechou as portas do estaleiro Mau\u00e1, em Niter\u00f3i, alegando falta de recursos para concluir obras para a Transpetro, subsidi\u00e1ria da Petrobras para a \u00e1rea de transportes.<\/p>\n<p>Os trabalhadores temem ficar sem o d\u00e9cimo terceiro e as verbas rescis\u00f3rias. Depois de encontrar os port\u00f5es fechados, parte dos empregados saiu em passeata at\u00e9 o Aeroporto Internacional Ant\u00f4nio Carlos Jobim\/Gale\u00e3o, a oito quil\u00f4metros de dist\u00e2ncia.<\/p>\n<p>&#8220;At\u00e9 hoje, os trabalhadores do Mau\u00e1 n\u00e3o receberam&#8221;, diz o representante do F\u00f3rum dos Trabalhadores da Ind\u00fastria Naval e Petr\u00f3leo, Joacir Pedro. Segundo ele, o estaleiro alegou que n\u00e3o vem recebendo de seus clientes e, por isso, n\u00e3o tem condi\u00e7\u00f5es de manter as opera\u00e7\u00f5es.<\/p>\n<p>Em julho do ano passado, o Eisa chegou a dar f\u00e9rias coletivas aos empregados alegando que vivia uma crise financeira. As opera\u00e7\u00f5es foram retomadas em novembro ap\u00f3s acordo com a Log-In, seu principal cliente.<\/p>\n<p>Na carta, a presid\u00eancia do Eisa diz que &#8220;tem lutado para melhorar as condi\u00e7\u00f5es de desequil\u00edbrio dos projetos atuais&#8221; e cita situa\u00e7\u00f5es que &#8220;complicaram a condi\u00e7\u00e3o econ\u00f4mica da empresa&#8221;, como o cancelamento de contratos, a inadimpl\u00eancia de clientes e dificuldade de repasse de dinheiro pelos bancos p\u00fablicos.<\/p>\n<p>A Folha n\u00e3o conseguiu contato com o estaleiro. A Log-In ainda n\u00e3o retornou o pedido de entrevista.<\/p>\n<p>Fonte: Folha de S\u00e3o Paulo\/Nicola Pamplona do Rio<\/p>\n","protected":false},"excerpt":{"rendered":"<p>Os empregados do Estaleiro Ilha S.A. (Eisa), na Ilha do Governador, zona norte do Rio, encontraram as portas fechadas ao chegar ao trabalho na manh\u00e3&#8230;<\/p>\n","protected":false},"author":1182,"featured_media":6683,"comment_status":"closed","ping_status":"closed","sticky":false,"template":"","format":"standard","meta":{"footnotes":""},"categories":[6],"tags":[],"class_list":["post-17472","post","type-post","status-publish","format-standard","has-post-thumbnail","hentry","category-noticias"],"_links":{"self":[{"href":"https:\/\/www.sincomam.org.br\/index.php\/wp-json\/wp\/v2\/posts\/17472","targetHints":{"allow":["GET"]}}],"collection":[{"href":"https:\/\/www.sincomam.org.br\/index.php\/wp-json\/wp\/v2\/posts"}],"about":[{"href":"https:\/\/www.sincomam.org.br\/index.php\/wp-json\/wp\/v2\/types\/post"}],"author":[{"embeddable":true,"href":"https:\/\/www.sincomam.org.br\/index.php\/wp-json\/wp\/v2\/users\/1182"}],"replies":[{"embeddable":true,"href":"https:\/\/www.sincomam.org.br\/index.php\/wp-json\/wp\/v2\/comments?post=17472"}],"version-history":[{"count":1,"href":"https:\/\/www.sincomam.org.br\/index.php\/wp-json\/wp\/v2\/posts\/17472\/revisions"}],"predecessor-version":[{"id":17473,"href":"https:\/\/www.sincomam.org.br\/index.php\/wp-json\/wp\/v2\/posts\/17472\/revisions\/17473"}],"wp:featuredmedia":[{"embeddable":true,"href":"https:\/\/www.sincomam.org.br\/index.php\/wp-json\/wp\/v2\/media\/6683"}],"wp:attachment":[{"href":"https:\/\/www.sincomam.org.br\/index.php\/wp-json\/wp\/v2\/media?parent=17472"}],"wp:term":[{"taxonomy":"category","embeddable":true,"href":"https:\/\/www.sincomam.org.br\/index.php\/wp-json\/wp\/v2\/categories?post=17472"},{"taxonomy":"post_tag","embeddable":true,"href":"https:\/\/www.sincomam.org.br\/index.php\/wp-json\/wp\/v2\/tags?post=17472"}],"curies":[{"name":"wp","href":"https:\/\/api.w.org\/{rel}","templated":true}]}}