{"id":17464,"date":"2015-12-15T12:51:07","date_gmt":"2015-12-15T14:51:07","guid":{"rendered":"http:\/\/www.sincomam.org.br\/?p=17464"},"modified":"2015-12-15T12:51:07","modified_gmt":"2015-12-15T14:51:07","slug":"maersk-line-suspende-escalas-em-lisboa","status":"publish","type":"post","link":"https:\/\/www.sincomam.org.br\/index.php\/maersk-line-suspende-escalas-em-lisboa\/","title":{"rendered":"Maersk Line suspende escalas em Lisboa"},"content":{"rendered":"<p>A companhia dinamarquesa suspendeu escalas no Porto de Lisboa por n\u00e3o haver &#8220;desenvolvimento na situa\u00e7\u00e3o de greve&#8221; dos estivadores. Em alternativa, a Maersk Line utilizar\u00e1 Leix\u00f5es ou Sines.<\/p>\n<p>Depois da Hapag-Lloyd, foi agora a vez da Maersk Line anunciar a suspens\u00e3o das escalas no porto de Lisboa por causa da greve dos estivadores.<\/p>\n<p>Em comunicado, citado pela publica\u00e7\u00e3o especializada Transportes &amp; Neg\u00f3cios, a companhia dinamarquesa justifica a decis\u00e3o com a aus\u00eancia de &#8220;qualquer desenvolvimento na situa\u00e7\u00e3o de greve existente no porto de Lisboa&#8221;.<\/p>\n<p>A Maersk Line anunciou a suspens\u00e3o das escalas em Lisboa dos seus servi\u00e7os de liga\u00e7\u00e3o aos mercados de Angola, Cabo Verde e Guin\u00e9-Bissau, tendo passado a encaminhar as cargas de exporta\u00e7\u00e3o para Leix\u00f5es ou Sines, enquanto as cargas de importa\u00e7\u00e3o passam a ser concentradas em Leix\u00f5es.<\/p>\n<p>Os estivadores iniciaram no passado dia 14 de Novembro uma greve, que o sector acredita que se ir\u00e1 prolongar at\u00e9 ao final do ano, o que levou &#8221; a produtividade para n\u00edveis inaceit\u00e1veis&#8221;, acrescenta a operadora no comunicado.<\/p>\n<p>A Hapag-Lloyd foi a primeira a anunciar a suspens\u00e3o das escalas no porto de Lisboa, ainda em Novembro, trocando o porto da capital por Leix\u00f5es no servi\u00e7o regular entre o Mediterr\u00e2neo e o Canad\u00e1 tamb\u00e9m devido \u00e0 paralisa\u00e7\u00e3o dos estivadores.<\/p>\n<p>Fonte: Jornal de Neg\u00f3cios<\/p>\n","protected":false},"excerpt":{"rendered":"<p>A companhia dinamarquesa suspendeu escalas no Porto de Lisboa por n\u00e3o haver &#8220;desenvolvimento na situa\u00e7\u00e3o de greve&#8221; dos estivadores. Em alternativa, a Maersk Line utilizar\u00e1&#8230;<\/p>\n","protected":false},"author":1182,"featured_media":3600,"comment_status":"closed","ping_status":"closed","sticky":false,"template":"","format":"standard","meta":{"footnotes":""},"categories":[6],"tags":[],"class_list":["post-17464","post","type-post","status-publish","format-standard","has-post-thumbnail","hentry","category-noticias"],"_links":{"self":[{"href":"https:\/\/www.sincomam.org.br\/index.php\/wp-json\/wp\/v2\/posts\/17464","targetHints":{"allow":["GET"]}}],"collection":[{"href":"https:\/\/www.sincomam.org.br\/index.php\/wp-json\/wp\/v2\/posts"}],"about":[{"href":"https:\/\/www.sincomam.org.br\/index.php\/wp-json\/wp\/v2\/types\/post"}],"author":[{"embeddable":true,"href":"https:\/\/www.sincomam.org.br\/index.php\/wp-json\/wp\/v2\/users\/1182"}],"replies":[{"embeddable":true,"href":"https:\/\/www.sincomam.org.br\/index.php\/wp-json\/wp\/v2\/comments?post=17464"}],"version-history":[{"count":1,"href":"https:\/\/www.sincomam.org.br\/index.php\/wp-json\/wp\/v2\/posts\/17464\/revisions"}],"predecessor-version":[{"id":17465,"href":"https:\/\/www.sincomam.org.br\/index.php\/wp-json\/wp\/v2\/posts\/17464\/revisions\/17465"}],"wp:featuredmedia":[{"embeddable":true,"href":"https:\/\/www.sincomam.org.br\/index.php\/wp-json\/wp\/v2\/media\/3600"}],"wp:attachment":[{"href":"https:\/\/www.sincomam.org.br\/index.php\/wp-json\/wp\/v2\/media?parent=17464"}],"wp:term":[{"taxonomy":"category","embeddable":true,"href":"https:\/\/www.sincomam.org.br\/index.php\/wp-json\/wp\/v2\/categories?post=17464"},{"taxonomy":"post_tag","embeddable":true,"href":"https:\/\/www.sincomam.org.br\/index.php\/wp-json\/wp\/v2\/tags?post=17464"}],"curies":[{"name":"wp","href":"https:\/\/api.w.org\/{rel}","templated":true}]}}