{"id":17429,"date":"2015-12-14T10:46:50","date_gmt":"2015-12-14T12:46:50","guid":{"rendered":"http:\/\/www.sincomam.org.br\/?p=17429"},"modified":"2015-12-14T10:46:50","modified_gmt":"2015-12-14T12:46:50","slug":"transpetro-reduz-pedidos-e-atinge-vard-promar","status":"publish","type":"post","link":"https:\/\/www.sincomam.org.br\/index.php\/transpetro-reduz-pedidos-e-atinge-vard-promar\/","title":{"rendered":"Transpetro reduz pedidos e atinge Vard Promar"},"content":{"rendered":"<p>A crise financeira da Petrobras e o impasse em torno da Sete Brasil continuam afetando o setor naval. Esta semana, o estaleiro Vard Promar, localizado em Pernambuco, foi informado do cancelamento de duas encomendas de navios gaseiros, or\u00e7ados em quase R$ 300 milh\u00f5es.<\/p>\n<p>A not\u00edcia caiu como uma bomba na empresa, que j\u00e1 estava em situa\u00e7\u00e3o complicada devido aos atrasos nos pagamentos da estatal e em setembro ajuizou um pedido de reequil\u00edbrio econ\u00f4mico de seu contrato com a Transpetro &#8211; subsidi\u00e1ria de log\u00edstica da Petrobras.<\/p>\n<p>O estaleiro assinou em julho de 2010 um acordo para a constru\u00e7\u00e3o de oito navios gaseiros que deveriam ser entregues at\u00e9 2017. As duas primeiras embarca\u00e7\u00f5es foram constru\u00eddas na base da empresa no Rio de Janeiro e a terceira, feita em Pernambuco, foi entregue este m\u00eas e est\u00e1 em opera\u00e7\u00e3o.<\/p>\n<p>Segundo apurou o Valor, as duas empresas vinham negociando uma prorroga\u00e7\u00e3o de cerca de oito meses no prazo de conclus\u00e3o do contrato quando a Transpetro decidiu cancelar as encomendas dos dois \u00faltimos navios, que ainda n\u00e3o tiveram a constru\u00e7\u00e3o iniciada.<\/p>\n<p>A estatal justificou a decis\u00e3o com os seguidos atrasos nas entregas, resultantes dos problemas enfrentados pelo Vard Promar na constru\u00e7\u00e3o das primeiras embarca\u00e7\u00f5es. Os representantes do estaleiro viram no argumento uma &#8220;desculpa \u00fatil&#8221; para a Transpetro cortar investimentos. Procurada, a estatal informou que os cancelamentos se deram por &#8220;descumprimento de cl\u00e1usula contratual&#8221;.<\/p>\n<p>Foram mantidas apenas as encomendas dos tr\u00eas gaseiros que j\u00e1 est\u00e3o com as obras iniciadas. O contrato original, assinado no \u00e2mbito do Programa de Moderniza\u00e7\u00e3o e Expans\u00e3o da Frota (Promef), previa um pagamento de US$ 536 milh\u00f5es pelas oito embarca\u00e7\u00f5es.<\/p>\n<p>O estaleiro \u00e9 uma sociedade entre o grupo noruegu\u00eas Vard e a brasileira Promar, que tem entre os s\u00f3cios os empres\u00e1rios Paulo Haddad, Waldemiro Arantes e Jorge Ferraz. Com os dois cancelamentos, o grupo deve come\u00e7ar a dispensar trabalhadores e tem sua viabilidade comprometida.<\/p>\n<p>Atualmente, o empreendimento conta com 1,2 mil funcion\u00e1rios, mas as demiss\u00f5es v\u00e3o come\u00e7ar no in\u00edcio de 2016. Vizinho ao Vard Promar, o Estaleiro Atl\u00e2ntico Sul (EAS) entrou em colapso ap\u00f3s o esc\u00e2ndalo de corrup\u00e7\u00e3o da Petrobras envolver os dois principais s\u00f3cios da empresa: as empreiteiras Queiroz Galv\u00e3o e Camargo Corr\u00eaa.<\/p>\n<p>Com uma carteira original de 29 embarca\u00e7\u00f5es, sendo 22 petroleiros da Transpetro e sete sondas da Sete Brasil, o EAS viu sua lista de encomendas recuar rapidamente, o que obrigou o grupo a demitir algo em torno de 8 mil trabalhadores nos \u00faltimos anos.<\/p>\n<p>Os dois estaleiros fazem parte do cluster naval que o ex-presidente Luiz In\u00e1cio Lula da Silva fez quest\u00e3o que fosse erguido em seu Estado natal. Al\u00e9m do EAS e do Vard Promar, v\u00e1rias empresas da cadeia metal mec\u00e2nica sofrem com os efeitos da crise no setor naval. De acordo com o Sindicato dos Metal\u00fargicos de Pernambuco, outros 5 mil empregos j\u00e1 foram perdidos em empresas fornecedoras.<\/p>\n<p>A escalada do desemprego na regi\u00e3o levou o governo de Pernambuco a procurar a Petrobras para buscar uma solu\u00e7\u00e3o. Est\u00e1 prevista para as pr\u00f3ximas semanas uma reuni\u00e3o entre o governador, Paulo C\u00e2mara (PSB), e o presidente da estatal, Aldemir Bendine.<\/p>\n<p>O argumento de C\u00e2mara \u00e9 de que foi a pr\u00f3pria Petrobras quem sinalizou, h\u00e1 seis anos, a import\u00e2ncia da instala\u00e7\u00e3o de um cluster naval no Complexo Portu\u00e1rio de Suape, onde tamb\u00e9m fica a refinaria Abreu e Lima. Desde ent\u00e3o, o governo local tirou R$ 300 milh\u00f5es de seu caixa para preparar o local para receber as empresas.<\/p>\n<p>Fonte: Valor Econ\u00f4mico\/Murillo Camarotto | De Bras\u00edlia<\/p>\n","protected":false},"excerpt":{"rendered":"<p>A crise financeira da Petrobras e o impasse em torno da Sete Brasil continuam afetando o setor naval. Esta semana, o estaleiro Vard Promar, localizado&#8230;<\/p>\n","protected":false},"author":1182,"featured_media":12194,"comment_status":"closed","ping_status":"closed","sticky":false,"template":"","format":"standard","meta":{"footnotes":""},"categories":[6],"tags":[],"class_list":["post-17429","post","type-post","status-publish","format-standard","has-post-thumbnail","hentry","category-noticias"],"_links":{"self":[{"href":"https:\/\/www.sincomam.org.br\/index.php\/wp-json\/wp\/v2\/posts\/17429","targetHints":{"allow":["GET"]}}],"collection":[{"href":"https:\/\/www.sincomam.org.br\/index.php\/wp-json\/wp\/v2\/posts"}],"about":[{"href":"https:\/\/www.sincomam.org.br\/index.php\/wp-json\/wp\/v2\/types\/post"}],"author":[{"embeddable":true,"href":"https:\/\/www.sincomam.org.br\/index.php\/wp-json\/wp\/v2\/users\/1182"}],"replies":[{"embeddable":true,"href":"https:\/\/www.sincomam.org.br\/index.php\/wp-json\/wp\/v2\/comments?post=17429"}],"version-history":[{"count":1,"href":"https:\/\/www.sincomam.org.br\/index.php\/wp-json\/wp\/v2\/posts\/17429\/revisions"}],"predecessor-version":[{"id":17430,"href":"https:\/\/www.sincomam.org.br\/index.php\/wp-json\/wp\/v2\/posts\/17429\/revisions\/17430"}],"wp:featuredmedia":[{"embeddable":true,"href":"https:\/\/www.sincomam.org.br\/index.php\/wp-json\/wp\/v2\/media\/12194"}],"wp:attachment":[{"href":"https:\/\/www.sincomam.org.br\/index.php\/wp-json\/wp\/v2\/media?parent=17429"}],"wp:term":[{"taxonomy":"category","embeddable":true,"href":"https:\/\/www.sincomam.org.br\/index.php\/wp-json\/wp\/v2\/categories?post=17429"},{"taxonomy":"post_tag","embeddable":true,"href":"https:\/\/www.sincomam.org.br\/index.php\/wp-json\/wp\/v2\/tags?post=17429"}],"curies":[{"name":"wp","href":"https:\/\/api.w.org\/{rel}","templated":true}]}}