{"id":17425,"date":"2015-12-14T10:43:33","date_gmt":"2015-12-14T12:43:33","guid":{"rendered":"http:\/\/www.sincomam.org.br\/?p=17425"},"modified":"2015-12-14T10:43:33","modified_gmt":"2015-12-14T12:43:33","slug":"especialistas-e-deputados-destacam-importancia-de-programa-de-desenvolvimento-de-submarinos","status":"publish","type":"post","link":"https:\/\/www.sincomam.org.br\/index.php\/especialistas-e-deputados-destacam-importancia-de-programa-de-desenvolvimento-de-submarinos\/","title":{"rendered":"Especialistas e deputados destacam import\u00e2ncia de programa de desenvolvimento de submarinos"},"content":{"rendered":"<p>O Programa de Desenvolvimento de Submarinos da Marinha do Brasil sofre com a falta de recursos financeiros. O projeto iniciado em 2008, em parceria com a Fran\u00e7a, prev\u00ea a constru\u00e7\u00e3o de um submarino com propuls\u00e3o nuclear, quatro submarinos convencionais e um complexo de estaleiro e base naval que est\u00e1 em constru\u00e7\u00e3o no munic\u00edpio de Itagua\u00ed, no Rio de Janeiro. A Unidade de Fabrica\u00e7\u00e3o de Estruturas Met\u00e1licas, que tamb\u00e9m \u00e9 parte do programa, foi inaugurada em mar\u00e7o de 2013.<\/p>\n<p>O programa foi o tema de audi\u00eancia p\u00fablica realizada na \u00faltima quinta-feira (10) pelas comiss\u00f5es de Finan\u00e7as e Tributa\u00e7\u00e3o e de Via\u00e7\u00e3o e Transportes.<\/p>\n<p>Durante a reuni\u00e3o, o coordenador-geral do Programa de Desenvolvimento de Submarinos com Propuls\u00e3o Nuclear, Almirante-de-Esquadra Gilberto Hirschfeld, disse que o projeto \u00e9 de grande import\u00e2ncia, j\u00e1 que traz parte da tecnologia desenvolvida na Fran\u00e7a para o Brasil, e pretende capacitar ao menos 600 engenheiros. No entanto, o projeto estimado em 31,8 bilh\u00f5es de reais est\u00e1 amea\u00e7ado devido a cortes de aproximadamente 41% dos recursos.<\/p>\n<p>&#8220;\u00c9 muito dif\u00edcil renegociar equipamentos comprados. Eu vou dar um exemplo l\u00e1 de S\u00e3o Paulo, de Aramar, que os dois programas est\u00e3o ligados, ele j\u00e1 est\u00e1 sofrendo bastante. Ele est\u00e1 chamando empresas internacionais para negociar coisa que j\u00e1 foi comprada e recebida, equipamentos que j\u00e1 foram recebidos. Fica muito dif\u00edcil. Eu estou preocupado porque n\u00e3o podemos parar&#8221;, falou o almirante.<\/p>\n<p>As obras do submarino de propuls\u00e3o nuclear est\u00e3o previstas para come\u00e7arem no ano que vem e o ve\u00edculo deve ficar pronto somente em 2023.<\/p>\n<p>O secret\u00e1rio de controle externo da Defesa Nacional e representante do Tribunal de Contas da Uni\u00e3o, Edison Franklin, afirmou que as contas da Marinha est\u00e3o em dia.<\/p>\n<p><strong>Conhecimento tecnol\u00f3gico<\/strong><\/p>\n<p>A deputada Soraya Santos (PMDB-RJ), uma das requerentes da audi\u00eancia, reafirmou a import\u00e2ncia do projeto e disse que o Brasil ir\u00e1 ganhar conhecimento tecnol\u00f3gico que n\u00e3o \u00e9 facilmente adquirido.<\/p>\n<p>&#8220;A troca tecnol\u00f3gica na \u00e1rea nuclear \u00e9 imposs\u00edvel, porque n\u00e3o h\u00e1 confian\u00e7a o suficiente. Quando se fala em certos assuntos, n\u00e3o h\u00e1 confian\u00e7a. Ent\u00e3o isso \u00e9 nosso. Isso \u00e9 um outro salto. N\u00f3s temos dois ganhos: n\u00f3s qualificamos pessoas, n\u00f3s temos o nosso corpo, isso \u00e9 um projeto que est\u00e1 sendo criado em S\u00e3o Paulo por pessoas que est\u00e3o prontas para uma tecnologia que \u00e9 nossa. Al\u00e9m das que vamos agregar com essa troca em parceria com a Fran\u00e7a. Ent\u00e3o estamos \u00e0 bordo sim.&#8221;<\/p>\n<p>Fonte: Cen\u00e1rio MT<\/p>\n","protected":false},"excerpt":{"rendered":"<p>O Programa de Desenvolvimento de Submarinos da Marinha do Brasil sofre com a falta de recursos financeiros. O projeto iniciado em 2008, em parceria com&#8230;<\/p>\n","protected":false},"author":1182,"featured_media":3551,"comment_status":"closed","ping_status":"closed","sticky":false,"template":"","format":"standard","meta":{"footnotes":""},"categories":[6],"tags":[],"class_list":["post-17425","post","type-post","status-publish","format-standard","has-post-thumbnail","hentry","category-noticias"],"_links":{"self":[{"href":"https:\/\/www.sincomam.org.br\/index.php\/wp-json\/wp\/v2\/posts\/17425","targetHints":{"allow":["GET"]}}],"collection":[{"href":"https:\/\/www.sincomam.org.br\/index.php\/wp-json\/wp\/v2\/posts"}],"about":[{"href":"https:\/\/www.sincomam.org.br\/index.php\/wp-json\/wp\/v2\/types\/post"}],"author":[{"embeddable":true,"href":"https:\/\/www.sincomam.org.br\/index.php\/wp-json\/wp\/v2\/users\/1182"}],"replies":[{"embeddable":true,"href":"https:\/\/www.sincomam.org.br\/index.php\/wp-json\/wp\/v2\/comments?post=17425"}],"version-history":[{"count":1,"href":"https:\/\/www.sincomam.org.br\/index.php\/wp-json\/wp\/v2\/posts\/17425\/revisions"}],"predecessor-version":[{"id":17426,"href":"https:\/\/www.sincomam.org.br\/index.php\/wp-json\/wp\/v2\/posts\/17425\/revisions\/17426"}],"wp:featuredmedia":[{"embeddable":true,"href":"https:\/\/www.sincomam.org.br\/index.php\/wp-json\/wp\/v2\/media\/3551"}],"wp:attachment":[{"href":"https:\/\/www.sincomam.org.br\/index.php\/wp-json\/wp\/v2\/media?parent=17425"}],"wp:term":[{"taxonomy":"category","embeddable":true,"href":"https:\/\/www.sincomam.org.br\/index.php\/wp-json\/wp\/v2\/categories?post=17425"},{"taxonomy":"post_tag","embeddable":true,"href":"https:\/\/www.sincomam.org.br\/index.php\/wp-json\/wp\/v2\/tags?post=17425"}],"curies":[{"name":"wp","href":"https:\/\/api.w.org\/{rel}","templated":true}]}}